{"id":8045,"date":"2018-01-25T16:31:23","date_gmt":"2018-01-25T16:31:23","guid":{"rendered":"http:\/\/archiv.szolnoktv.hu\/?p=8045"},"modified":"2021-08-13T18:02:25","modified_gmt":"2021-08-13T18:02:25","slug":"szasz-janos-rendezo-a-tiszapart-moziban","status":"publish","type":"post","link":"http:\/\/archiv.szolnoktv.hu\/?p=8045","title":{"rendered":"Sz\u00e1sz J\u00e1nos rendez\u0151 a TiszapArt Moziban"},"content":{"rendered":"<div class='booster-block booster-read-block'><\/div><p>A hentes, a kurva \u00e9s a f\u00e9lszem\u0171 c\u00edm\u0171 film egy igaz t\u00f6rt\u00e9net adapt\u00e1ci\u00f3ja. Egy 20. sz\u00e1zad eleji gyilkoss\u00e1g s\u00f6t\u00e9t t\u00f6rt\u00e9nete. Sz\u00e1sz J\u00e1nos filmj\u00e9nek \u00f6tlet ad\u00f3ja a korabeli sajt\u00f3t hosszasan l\u00e1zban tart\u00f3 b\u0171n\u00fcgy. -Lederer csend\u0151rf\u0151hadnagy a feles\u00e9ge seg\u00edts\u00e9g\u00e9vel meg\u00f6lte Kodelka Ferenc budapesti hentesmestert, majd holttest\u00e9t feldarabolta, s a hentesn\u00e9l lev\u0151 k\u00f6zel sz\u00e1zmilli\u00f3 koron\u00e1t kitev\u0151 k\u00e9szp\u00e9nzt s \u00e9rt\u00e9kes, brilli\u00e1ns k\u00f6veit elrabolta&#8221;  &#8211;   olvashat\u00f3 a Magyar T\u00e1virati Iroda 1925-\u00f6s h\u00edr\u00e9ben. A f\u0151szerepekben Heged\u0171s D. G\u00e9z\u00e1t, Gryllus Dork\u00e1t \u00e9s Nagy Zsoltot l\u00e1thatjuk. Az operat\u0151r M\u00e1th\u00e9 Tibor, a forgat\u00f3k\u00f6nyvet pedig maga a rendez\u0151 \u00edrta. A k\u00f6z\u00f6ns\u00e9gtal\u00e1lkoz\u00f3n munk\u00e1ss\u00e1g\u00e1r\u00f3l \u00e9s a film elk\u00e9sz\u00edt\u00e9s\u00e9nek fontos momentumair\u00f3l is besz\u00e9lt.<\/p>\n<p>-Egy fekete-feh\u00e9r filmet csin\u00e1lni, az mindig egy nagy \u00fcnnep egy filmes sz\u00e1m\u00e1ra. Teh\u00e1t, nem l\u00e9tezik, hogy \u00e9n t\u00f6bbet csin\u00e1ln\u00e9k \u00e9s nem is l\u00e9tezik, hogy engedn\u00e9nek is.&#8221;<\/p>\n<p> A b\u0171n\u00fcgy az\u00e9rt keltette fel a rendez\u0151 \u00e9rdekl\u0151d\u00e9s\u00e9t, mert a korabeli sajt\u00f3ban azt \u00edrt\u00e1k, hogy a hentest h\u00e1romszor pr\u00f3b\u00e1lt\u00e1k meggyilkolni, mire siker\u00fclt a gaztett v\u00e9grehajt\u00e1sa. Kiemelte, hogy a megt\u00f6rt\u00e9nt esetet csup\u00e1n kiindul\u00f3pontk\u00e9nt vette alapul. <\/p>\n<p>-Itt \u00fajrakezd\u0151 emberekr\u0151l van sz\u00f3. Egy prostitu\u00e1lt, aki sz\u0171z l\u00e1ny akar kv\u00e1zi lenni, mert nem b\u00edrja azt a napi robotot, ami meg van mutatva, azt gondolom sz\u00e9ls\u0151s\u00e9gesen ebben a filmben. \u00c9s van egy csend\u0151rf\u0151hadnagy, akinek egy stukkert adnak a kez\u00e9be, hogy l\u0151je f\u0151be mag\u00e1t, mert k\u00f6r\u00f6zik \u00e9s mag\u00e1nak v\u00e9ge. \u00c9s ez az ember, aki eddig gyilkolt, most megment egy ember \u00e9letet, pont ennek a prostitu\u00e1ltnak az \u00e9let\u00e9t. Mind a ketten egy olyan ponton vannak az \u00e9let\u00fckben, ahol lehetne \u00fajra kezdeni val\u00f3ban, de nem tudj\u00e1k. Err\u0151l a vil\u00e1gr\u00f3l sz\u00f3l ez a film t\u00f6bbek k\u00f6z\u00f6tt.&#8221; -nyilatkozta Sz\u00e1sz J\u00e1nos.<\/p>\n<p>A k\u00f6z\u00f6ns\u00e9g tal\u00e1lkoz\u00f3n sz\u00e1mos kulisszatitkot tudtak meg a n\u00e9z\u0151k. Heged\u0171s D. G\u00e9za 20 kil\u00f3t h\u00edzott \u00e9s leborotv\u00e1lta haj\u00e1t a szerep kedv\u00e9\u00e9rt. Gryllus Dorka pedig, nem volt hajland\u00f3 elolvasni a forgat\u00f3k\u00f6nyvet, de ett\u0151l f\u00fcggetlen\u00fcl, filmes rutinj\u00e1nak k\u00f6sz\u00f6nhet\u0151en nagyszer\u0171en hozta a karaktert. Sz\u00e1sz J\u00e1nos k\u00f6vetkez\u0151 munk\u00e1ja Szerb Antal: Utas \u00e9s holdvil\u00e1g c\u00edm\u0171 k\u00f6nyve nyom\u00e1n k\u00e9sz\u00fcl, az ezzel kapcsolatos el\u0151k\u00e9sz\u00fcletek m\u00e1r megkezd\u0151dtek.<\/p>\n<div style=\"width: 640px;\" class=\"wp-video\"><!--[if lt IE 9]><script>document.createElement('video');<\/script><![endif]-->\n<video class=\"wp-video-shortcode\" id=\"video-8045-1\" width=\"640\" height=\"360\" preload=\"metadata\" controls=\"controls\"><source type=\"video\/mp4\" src=\"\/spots\/hir\/hir_180125_04.mp4?_=1\" \/><a href=\"\/spots\/hir\/hir_180125_04.mp4\">\/spots\/hir\/hir_180125_04.mp4<\/a><\/video><\/div>\n","protected":false},"excerpt":{"rendered":"<p>A hentes, a kurva \u00e9s a f\u00e9lszem\u0171 c\u00edm\u0171 film egy igaz t\u00f6rt\u00e9net adapt\u00e1ci\u00f3ja. Egy 20. sz\u00e1zad eleji gyilkoss\u00e1g s\u00f6t\u00e9t t\u00f6rt\u00e9nete. Sz\u00e1sz J\u00e1nos filmj\u00e9nek \u00f6tlet ad\u00f3ja a korabeli sajt\u00f3t hosszasan l\u00e1zban tart\u00f3 b\u0171n\u00fcgy. -Lederer csend\u0151rf\u0151hadnagy a feles\u00e9ge seg\u00edts\u00e9g\u00e9vel meg\u00f6lte Kodelka Ferenc budapesti hentesmestert, majd holttest\u00e9t feldarabolta, s a hentesn\u00e9l lev\u0151 k\u00f6zel sz\u00e1zmilli\u00f3 koron\u00e1t kitev\u0151 k\u00e9szp\u00e9nzt s [&hellip;]<\/p>\n","protected":false},"author":2,"featured_media":0,"comment_status":"closed","ping_status":"closed","sticky":false,"template":"","format":"standard","meta":[],"categories":[9],"tags":[],"_links":{"self":[{"href":"http:\/\/archiv.szolnoktv.hu\/index.php?rest_route=\/wp\/v2\/posts\/8045"}],"collection":[{"href":"http:\/\/archiv.szolnoktv.hu\/index.php?rest_route=\/wp\/v2\/posts"}],"about":[{"href":"http:\/\/archiv.szolnoktv.hu\/index.php?rest_route=\/wp\/v2\/types\/post"}],"author":[{"embeddable":true,"href":"http:\/\/archiv.szolnoktv.hu\/index.php?rest_route=\/wp\/v2\/users\/2"}],"replies":[{"embeddable":true,"href":"http:\/\/archiv.szolnoktv.hu\/index.php?rest_route=%2Fwp%2Fv2%2Fcomments&post=8045"}],"version-history":[{"count":1,"href":"http:\/\/archiv.szolnoktv.hu\/index.php?rest_route=\/wp\/v2\/posts\/8045\/revisions"}],"predecessor-version":[{"id":8072,"href":"http:\/\/archiv.szolnoktv.hu\/index.php?rest_route=\/wp\/v2\/posts\/8045\/revisions\/8072"}],"wp:attachment":[{"href":"http:\/\/archiv.szolnoktv.hu\/index.php?rest_route=%2Fwp%2Fv2%2Fmedia&parent=8045"}],"wp:term":[{"taxonomy":"category","embeddable":true,"href":"http:\/\/archiv.szolnoktv.hu\/index.php?rest_route=%2Fwp%2Fv2%2Fcategories&post=8045"},{"taxonomy":"post_tag","embeddable":true,"href":"http:\/\/archiv.szolnoktv.hu\/index.php?rest_route=%2Fwp%2Fv2%2Ftags&post=8045"}],"curies":[{"name":"wp","href":"https:\/\/api.w.org\/{rel}","templated":true}]}}