{"id":8044,"date":"2018-01-25T16:30:09","date_gmt":"2018-01-25T16:30:09","guid":{"rendered":"http:\/\/archiv.szolnoktv.hu\/?p=8044"},"modified":"2021-08-13T18:02:25","modified_gmt":"2021-08-13T18:02:25","slug":"epitkezesen-keletkezett-por-miatt-volt-magas-a-szallopor-tartalom-szolnokon","status":"publish","type":"post","link":"http:\/\/archiv.szolnoktv.hu\/?p=8044","title":{"rendered":"\u00c9p\u00edtkez\u00e9sen keletkezett por miatt volt magas a sz\u00e1ll\u00f3por-tartalom Szolnokon"},"content":{"rendered":"<div class='booster-block booster-read-block'><\/div><p>Ma is dolgoztak a munk\u00e1sok a f\u0151iskola egykori Ady Endre \u00fati \u00e9p\u00fclet\u00e9nek fel\u00faj\u00edt\u00e1s\u00e1n. A kedvez\u0151 id\u0151j\u00e1r\u00e1s miatt j\u00f3 \u00fctemben halad a beruh\u00e1z\u00e1s, az elm\u00falt napokban m\u00e1r a t\u00e9rk\u0151burkolatot is elkezdt\u00e9k kialak\u00edtani. Ezeket a k\u00f6veket m\u00e9retre kell v\u00e1gni, ami jelent\u0151s portermel\u00e9ssel j\u00e1r. A leveg\u0151 szennyezetts\u00e9g\u00e9t m\u00e9r\u0151 \u00e1llom\u00e1s n\u00e9h\u00e1ny m\u00e9terre van az \u00e9p\u00edt\u00e9si ter\u00fclett\u0151l, \u00edgy a t\u00e9rk\u00f6vek v\u00e1g\u00e1sakor felszabadul\u00f3 por miatt a m\u0171szerek pontatlan \u00e9rt\u00e9keket m\u00e9rnek. Ez volt az oka annak, hogy a tegnapi nap folyam\u00e1n reggel 86 ug, d\u00e9lel\u0151tt 11-kor pedig 70 ug volt a sz\u00e1ll\u00f3por ar\u00e1nya a leveg\u0151ben k\u00f6bm\u00e9terenk\u00e9nt. \u00cdgy teh\u00e1t l\u00e1tszik, hogy az \u00e9p\u00edtkez\u00e9s miatt volt magasabb a leveg\u0151 sz\u00e1ll\u00f3por-tartalma az \u00e1llom\u00e1s k\u00f6rny\u00e9k\u00e9n a megszokottn\u00e1l, \u00e9s a szolnoki leveg\u0151 min\u0151s\u00e9ge megfelel az eg\u00e9szs\u00e9g\u00fcgyi hat\u00e1r\u00e9rt\u00e9keknek. <\/p>\n<p>Az orsz\u00e1g t\u00f6bb  &#8211;   els\u0151sorban \u00e9szak-keleti- telep\u00fcl\u00e9s\u00e9n azonban \u00e9p\u00edtkez\u00e9sek n\u00e9lk\u00fcl is a hat\u00e1r\u00e9rt\u00e9kek felett volt a leveg\u0151 sz\u00e1ll\u00f3por-tartalma, p\u00e9ld\u00e1ul Putnokon el\u00e9rte a 98, m\u00edg Salg\u00f3tarj\u00e1nban a a 111 ug\/m3-as \u00e9rt\u00e9ket. A kedvez\u0151tlen \u00e9rt\u00e9kek kialakul\u00e1s\u00e1ban jelent\u0151s szerepe van a hideg, borult \u00e9s sz\u00e9lcsendes id\u0151j\u00e1r\u00e1snak, ugyanis ilyenkor nem tud kicser\u00e9l\u0151dni a telep\u00fcl\u00e9sek leveg\u0151je. A f\u0171t\u00e9si szezon, illetve a jelent\u0151s k\u00f6z\u00fati forgalom is kedvez\u0151tlen hat\u00e1ssal b\u00edr, mert a fa, sz\u00e9n vagy lignit t\u00fczel\u00e9s\u0171 k\u00e1lyh\u00e1kb\u00f3l, illetve a r\u00e9gi d\u00edzelj\u00e1rm\u0171vekb\u0151l jelent\u0151s mennyis\u00e9g\u0171 k\u00e1rosanyag, pl. korom ker\u00fcl a leveg\u0151be. A rossz min\u0151s\u00e9g\u0171 leveg\u0151 els\u0151sorban a gyermekek, az id\u0151sek, az allergi\u00e1sok, illetve a sz\u00edv \u00e9s \u00e9rrendszeri, valamint t\u00fcd\u0151 betegs\u00e9gekben szenved\u0151k szervezet\u00e9t terheli meg a legink\u00e1bb. A szakemberek szerint, ha a leveg\u0151 sz\u00e1ll\u00f3por-tartalma el\u00e9ri az eg\u00e9szs\u00e9gtelen \u00e9rt\u00e9ket, akkor \u00e9rdemes a lehet\u0151 legkevesebb id\u0151t tart\u00f3zkodni a forgalmasabb utak, illetve a k\u00e9m\u00e9nyek k\u00f6rnyezet\u00e9ben.<br \/>\n<br \/>\n<div style=\"width: 640px;\" class=\"wp-video\"><!--[if lt IE 9]><script>document.createElement('video');<\/script><![endif]-->\n<video class=\"wp-video-shortcode\" id=\"video-8044-1\" width=\"640\" height=\"360\" preload=\"metadata\" controls=\"controls\"><source type=\"video\/mp4\" src=\"\/spots\/hir\/hir_180125_03.mp4?_=1\" \/><a href=\"\/spots\/hir\/hir_180125_03.mp4\">\/spots\/hir\/hir_180125_03.mp4<\/a><\/video><\/div><\/p>\n","protected":false},"excerpt":{"rendered":"<p>Ma is dolgoztak a munk\u00e1sok a f\u0151iskola egykori Ady Endre \u00fati \u00e9p\u00fclet\u00e9nek fel\u00faj\u00edt\u00e1s\u00e1n. A kedvez\u0151 id\u0151j\u00e1r\u00e1s miatt j\u00f3 \u00fctemben halad a beruh\u00e1z\u00e1s, az elm\u00falt napokban m\u00e1r a t\u00e9rk\u0151burkolatot is elkezdt\u00e9k kialak\u00edtani. Ezeket a k\u00f6veket m\u00e9retre kell v\u00e1gni, ami jelent\u0151s portermel\u00e9ssel j\u00e1r. A leveg\u0151 szennyezetts\u00e9g\u00e9t m\u00e9r\u0151 \u00e1llom\u00e1s n\u00e9h\u00e1ny m\u00e9terre van az \u00e9p\u00edt\u00e9si ter\u00fclett\u0151l, \u00edgy a t\u00e9rk\u00f6vek [&hellip;]<\/p>\n","protected":false},"author":2,"featured_media":0,"comment_status":"closed","ping_status":"closed","sticky":false,"template":"","format":"standard","meta":[],"categories":[9],"tags":[],"_links":{"self":[{"href":"http:\/\/archiv.szolnoktv.hu\/index.php?rest_route=\/wp\/v2\/posts\/8044"}],"collection":[{"href":"http:\/\/archiv.szolnoktv.hu\/index.php?rest_route=\/wp\/v2\/posts"}],"about":[{"href":"http:\/\/archiv.szolnoktv.hu\/index.php?rest_route=\/wp\/v2\/types\/post"}],"author":[{"embeddable":true,"href":"http:\/\/archiv.szolnoktv.hu\/index.php?rest_route=\/wp\/v2\/users\/2"}],"replies":[{"embeddable":true,"href":"http:\/\/archiv.szolnoktv.hu\/index.php?rest_route=%2Fwp%2Fv2%2Fcomments&post=8044"}],"version-history":[{"count":1,"href":"http:\/\/archiv.szolnoktv.hu\/index.php?rest_route=\/wp\/v2\/posts\/8044\/revisions"}],"predecessor-version":[{"id":8073,"href":"http:\/\/archiv.szolnoktv.hu\/index.php?rest_route=\/wp\/v2\/posts\/8044\/revisions\/8073"}],"wp:attachment":[{"href":"http:\/\/archiv.szolnoktv.hu\/index.php?rest_route=%2Fwp%2Fv2%2Fmedia&parent=8044"}],"wp:term":[{"taxonomy":"category","embeddable":true,"href":"http:\/\/archiv.szolnoktv.hu\/index.php?rest_route=%2Fwp%2Fv2%2Fcategories&post=8044"},{"taxonomy":"post_tag","embeddable":true,"href":"http:\/\/archiv.szolnoktv.hu\/index.php?rest_route=%2Fwp%2Fv2%2Ftags&post=8044"}],"curies":[{"name":"wp","href":"https:\/\/api.w.org\/{rel}","templated":true}]}}