{"id":8043,"date":"2018-01-25T16:28:30","date_gmt":"2018-01-25T16:28:30","guid":{"rendered":"http:\/\/archiv.szolnoktv.hu\/?p=8043"},"modified":"2021-08-13T18:02:25","modified_gmt":"2021-08-13T18:02:25","slug":"tizedszer-is-megavers","status":"publish","type":"post","link":"http:\/\/archiv.szolnoktv.hu\/?p=8043","title":{"rendered":"Tizedszer is Megavers"},"content":{"rendered":"<div class='booster-block booster-read-block'><\/div><p>Sz\u00e1mtalan fiatal megmutatta m\u00e1r tehets\u00e9g\u00e9t a Szolnok Telev\u00edzi\u00f3 nagy siker\u0171 t\u00edz \u00e9ves m\u00faltra visszatekint\u0151 versmond\u00f3 versenye sor\u00e1n. A vet\u00e9lked\u0151 m\u00e1ra Szolnok egyik legfontosabb kultur\u00e1lis mozgalm\u00e1v\u00e1 v\u00e1lt. A tehets\u00e9gkutat\u00f3t id\u00e9n is a Szolnok Telev\u00edzi\u00f3 \u00e9s az Aba-Nov\u00e1k Ag\u00f3ra Kultur\u00e1lis K\u00f6zpont k\u00f6z\u00f6sen szervezi. <\/p>\n<p>-A c\u00e9l nem v\u00e1ltozott, tov\u00e1bbra is szeretn\u00e9nk ezt a m\u0171fajt meg\u0151rizni, \u00e1polni a magyar nyelvet ez\u00e1ltal is. Tov\u00e1bb\u00e1 a fiatal koroszt\u00e1lyt k\u00f6zelebb vinni a vers m\u0171faj\u00e1hoz, illetve, hogy ezeket a k\u00f6ltem\u00e9nyeket elszavalhass\u00e1k a nagy\u00e9rdem\u0171 k\u00f6z\u00f6ns\u00e9gnek.&#8221; &#8211; mondta Pog\u00e1ny Attila vez\u00e9rigazgat\u00f3. <\/p>\n<p>A kor\u00e1bbi \u00e9vek visszajelz\u00e9seit figyelembe v\u00e9ve \u00e9s a n\u00e9z\u0151i szok\u00e1sokhoz igazodva v\u00e1ltoztattak a vet\u00e9lked\u0151 menet\u00e9n &#8211; folytatta Pog\u00e1ny Attila. A h\u00e1rom el\u0151v\u00e1logat\u00f3t \u00e9s a k\u00e9t k\u00f6z\u00e9pd\u00f6nt\u0151t a m\u00e1rciusi h\u00e9tv\u00e9g\u00e9ken t\u0171zi m\u0171sorra a Szolnok Telev\u00edzi\u00f3. Az idei tehets\u00e9gkutat\u00f3ra 55-en jelentkeztek. 25-en jutnak tov\u00e1bb a k\u00f6z\u00e9pd\u00f6nt\u0151be, 10-en pedig az \u00e1prilis 11-i d\u00f6nt\u0151be. A legfiatalabb jelentkez\u0151 12, a legid\u0151sebb pedig 29 \u00e9ves. <\/p>\n<p>-Orsz\u00e1gos versenyr\u0151l besz\u00e9lhet\u00fcnk, mert j\u00f6ttek jelentkez\u00e9si lapok Szombathelyr\u0151l, Leteny\u00e9r\u0151l, P\u00e9csr\u0151l, Sopronb\u00f3l, nemcsak a k\u00f6rnyez\u0151 telep\u00fcl\u00e9sekr\u0151l.&#8221; &#8211; mondta Zombori T\u00edmea kultur\u00e1lis szervez\u0151. <\/p>\n<p>Folytat\u00f3dik a Kanadai Diaszp\u00f3ra Tan\u00e1ccsal is az egy\u00fcttm\u0171k\u00f6d\u00e9s, az el\u0151z\u0151 \u00e9vekhez hasonl\u00f3an \u0151k is megszervezik saj\u00e1t Megavers\u00fcket. A zs\u0171ri tagjai elismert \u00edr\u00f3k, irodalm\u00e1rok, sz\u00edn\u00e9szek. A f\u0151d\u00edj pedig id\u00e9n is egy utaz\u00e1s a k\u00f6lt\u00e9szet f\u0151v\u00e1ros\u00e1ba, P\u00e1rizsba.<br \/>\n<br \/>\n<div style=\"width: 640px;\" class=\"wp-video\"><!--[if lt IE 9]><script>document.createElement('video');<\/script><![endif]-->\n<video class=\"wp-video-shortcode\" id=\"video-8043-1\" width=\"640\" height=\"360\" preload=\"metadata\" controls=\"controls\"><source type=\"video\/mp4\" src=\"\/spots\/hir\/hir_180126_03.mp4?_=1\" \/><a href=\"\/spots\/hir\/hir_180126_03.mp4\">\/spots\/hir\/hir_180126_03.mp4<\/a><\/video><\/div><\/p>\n","protected":false},"excerpt":{"rendered":"<p>Sz\u00e1mtalan fiatal megmutatta m\u00e1r tehets\u00e9g\u00e9t a Szolnok Telev\u00edzi\u00f3 nagy siker\u0171 t\u00edz \u00e9ves m\u00faltra visszatekint\u0151 versmond\u00f3 versenye sor\u00e1n. A vet\u00e9lked\u0151 m\u00e1ra Szolnok egyik legfontosabb kultur\u00e1lis mozgalm\u00e1v\u00e1 v\u00e1lt. A tehets\u00e9gkutat\u00f3t id\u00e9n is a Szolnok Telev\u00edzi\u00f3 \u00e9s az Aba-Nov\u00e1k Ag\u00f3ra Kultur\u00e1lis K\u00f6zpont k\u00f6z\u00f6sen szervezi. -A c\u00e9l nem v\u00e1ltozott, tov\u00e1bbra is szeretn\u00e9nk ezt a m\u0171fajt meg\u0151rizni, \u00e1polni a magyar [&hellip;]<\/p>\n","protected":false},"author":2,"featured_media":0,"comment_status":"closed","ping_status":"closed","sticky":false,"template":"","format":"standard","meta":[],"categories":[9],"tags":[],"_links":{"self":[{"href":"http:\/\/archiv.szolnoktv.hu\/index.php?rest_route=\/wp\/v2\/posts\/8043"}],"collection":[{"href":"http:\/\/archiv.szolnoktv.hu\/index.php?rest_route=\/wp\/v2\/posts"}],"about":[{"href":"http:\/\/archiv.szolnoktv.hu\/index.php?rest_route=\/wp\/v2\/types\/post"}],"author":[{"embeddable":true,"href":"http:\/\/archiv.szolnoktv.hu\/index.php?rest_route=\/wp\/v2\/users\/2"}],"replies":[{"embeddable":true,"href":"http:\/\/archiv.szolnoktv.hu\/index.php?rest_route=%2Fwp%2Fv2%2Fcomments&post=8043"}],"version-history":[{"count":1,"href":"http:\/\/archiv.szolnoktv.hu\/index.php?rest_route=\/wp\/v2\/posts\/8043\/revisions"}],"predecessor-version":[{"id":8074,"href":"http:\/\/archiv.szolnoktv.hu\/index.php?rest_route=\/wp\/v2\/posts\/8043\/revisions\/8074"}],"wp:attachment":[{"href":"http:\/\/archiv.szolnoktv.hu\/index.php?rest_route=%2Fwp%2Fv2%2Fmedia&parent=8043"}],"wp:term":[{"taxonomy":"category","embeddable":true,"href":"http:\/\/archiv.szolnoktv.hu\/index.php?rest_route=%2Fwp%2Fv2%2Fcategories&post=8043"},{"taxonomy":"post_tag","embeddable":true,"href":"http:\/\/archiv.szolnoktv.hu\/index.php?rest_route=%2Fwp%2Fv2%2Ftags&post=8043"}],"curies":[{"name":"wp","href":"https:\/\/api.w.org\/{rel}","templated":true}]}}