{"id":8042,"date":"2018-01-25T16:27:04","date_gmt":"2018-01-25T16:27:04","guid":{"rendered":"http:\/\/archiv.szolnoktv.hu\/?p=8042"},"modified":"2021-08-13T18:02:25","modified_gmt":"2021-08-13T18:02:25","slug":"uj-szobor-kerul-az-eotvos-terre","status":"publish","type":"post","link":"http:\/\/archiv.szolnoktv.hu\/?p=8042","title":{"rendered":"\u00daj szobor ker\u00fcl az E\u00f6tv\u00f6s t\u00e9rre"},"content":{"rendered":"<div class='booster-block booster-read-block'><\/div><p>M\u00e1r v\u00e9gs\u0151 form\u00e1j\u00e1t mutatva \u00e1ll Pog\u00e1ny G\u00e1bor Ben\u0151 szobr\u00e1szm\u0171v\u00e9sz m\u0171hely\u00e9ben a v\u00e1ros \u00faj k\u00f6zt\u00e9ri szoboregy\u00fcttese. Egyel\u0151re agyagb\u00f3l. Alakja a v\u00e1ros k\u00f6zkedvelt papj\u00e1t Himfy Ferencet \u00e1br\u00e1zolja. <\/p>\n<p>Pog\u00e1ny G\u00e1bor Ben\u0151 szobr\u00e1szm\u0171v\u00e9sz : <\/p>\n<p>-&#8220;A J\u00e9zus sz\u00edve pl\u00e9b\u00e1nia Szent J\u00f3zsef templom papja volt 25 \u00e9ven kereszt\u00fcl \u00e9s nagyon k\u00f6ztiszteletben \u00e1ll\u00f3 , szeretett papja volt Szolnoknak. Egy r\u00e9gi hittanosa, aki akkoriban a Verseghy Ferenc gimn\u00e1ziumba j\u00e1rt, \u0151 szeretett volna neki eml\u00e9ket \u00e1ll\u00edtani Feri b\u00e1csinak. &#8211;<\/p>\n<p>A szoboregy\u00fcttes a 2 m\u00e9ter 5 centis atya alakj\u00e1t ,  egy 150 cm-es gyermeket \u00e9s egy kehely form\u00e1j\u00fa kutat \u00e1br\u00e1zol. <\/p>\n<p>-&#8220;Ez egy d\u00edsz k\u00fat. A vizet , ami a kereszt\u00e9ny szimbolik\u00e1ban \u00f6sszetett jelent\u00e9s\u0171, az atya a kez\u00e9b\u0151l csorgatja \u00e1t a gyermek kez\u00e9be \u00e9s a gyermek kez\u00e9b\u0151l folyik vissza abba a kehely form\u00e1j\u00fa k\u00fatba, ami tulajdonk\u00e9ppen iv\u00f3k\u00fat lesz&#8221;.-tette hozz\u00e1 a m\u0171v\u00e9sz. <\/p>\n<p> Az E\u00f6tv\u00f6s t\u00e9ri art\u00e9zi k\u00fat vize csordog\u00e1l majd az \u00faj d\u00edszk\u00fatb\u00f3l is. <br \/>7475 , 7476 Ez alapj\u00e1n a kis plasztika valamint a m\u00e9terar\u00e1nyos f\u00e9nyk\u00e9p alapj\u00e1n k\u00e9sz\u00edtette el a szobr\u00e1sz alkot\u00e1s\u00e1t. A v\u00e1zat l\u00e1gyvasb\u00f3l, dr\u00f3tb\u00f3l form\u00e1zta , hegesztette.  <\/p>\n<p>-&#8220;Erre ker\u00fclt r\u00e1 a csirkeh\u00e1l\u00f3 , ami megakad\u00e1lyozza, hogy lepotyogjon r\u00f3la az agyag. \u00c9s arra mint\u00e1zom r\u00e1 puha agyagb\u00f3l azt a fel\u00fcletet, ami a szobornak a v\u00e9gs\u0151 \u00e1llapot\u00e1t mutatja&#8221;-tudtuk meg az alkot\u00f3t\u00f3l. <\/p>\n<p>  Naponta 8-10 \u00f3r\u00e1t dolgozik a szobron, mely f\u00e9l \u00e9v alatt k\u00e9sz\u00fcl el.  M\u00e1r csak a bronzba \u00f6nt\u00e9s \u00e9s a patin\u00e1z\u00e1s van h\u00e1tra.<br \/>Az \u00faj k\u00f6zt\u00e9ri szobrot m\u00e1rcius 19-\u00e9n J\u00f3zsef napon avatj\u00e1k majd fel az E\u00f6tv\u00f6s t\u00e9ren.<br \/>\n<br \/>\n<div style=\"width: 640px;\" class=\"wp-video\"><!--[if lt IE 9]><script>document.createElement('video');<\/script><![endif]-->\n<video class=\"wp-video-shortcode\" id=\"video-8042-1\" width=\"640\" height=\"360\" preload=\"metadata\" controls=\"controls\"><source type=\"video\/mp4\" src=\"\/spots\/hir\/hir_180125_01.mp4?_=1\" \/><a href=\"\/spots\/hir\/hir_180125_01.mp4\">\/spots\/hir\/hir_180125_01.mp4<\/a><\/video><\/div><\/p>\n","protected":false},"excerpt":{"rendered":"<p>M\u00e1r v\u00e9gs\u0151 form\u00e1j\u00e1t mutatva \u00e1ll Pog\u00e1ny G\u00e1bor Ben\u0151 szobr\u00e1szm\u0171v\u00e9sz m\u0171hely\u00e9ben a v\u00e1ros \u00faj k\u00f6zt\u00e9ri szoboregy\u00fcttese. Egyel\u0151re agyagb\u00f3l. Alakja a v\u00e1ros k\u00f6zkedvelt papj\u00e1t Himfy Ferencet \u00e1br\u00e1zolja. Pog\u00e1ny G\u00e1bor Ben\u0151 szobr\u00e1szm\u0171v\u00e9sz : -&#8220;A J\u00e9zus sz\u00edve pl\u00e9b\u00e1nia Szent J\u00f3zsef templom papja volt 25 \u00e9ven kereszt\u00fcl \u00e9s nagyon k\u00f6ztiszteletben \u00e1ll\u00f3 , szeretett papja volt Szolnoknak. Egy r\u00e9gi hittanosa, aki [&hellip;]<\/p>\n","protected":false},"author":2,"featured_media":0,"comment_status":"closed","ping_status":"closed","sticky":false,"template":"","format":"standard","meta":[],"categories":[9],"tags":[],"_links":{"self":[{"href":"http:\/\/archiv.szolnoktv.hu\/index.php?rest_route=\/wp\/v2\/posts\/8042"}],"collection":[{"href":"http:\/\/archiv.szolnoktv.hu\/index.php?rest_route=\/wp\/v2\/posts"}],"about":[{"href":"http:\/\/archiv.szolnoktv.hu\/index.php?rest_route=\/wp\/v2\/types\/post"}],"author":[{"embeddable":true,"href":"http:\/\/archiv.szolnoktv.hu\/index.php?rest_route=\/wp\/v2\/users\/2"}],"replies":[{"embeddable":true,"href":"http:\/\/archiv.szolnoktv.hu\/index.php?rest_route=%2Fwp%2Fv2%2Fcomments&post=8042"}],"version-history":[{"count":1,"href":"http:\/\/archiv.szolnoktv.hu\/index.php?rest_route=\/wp\/v2\/posts\/8042\/revisions"}],"predecessor-version":[{"id":8075,"href":"http:\/\/archiv.szolnoktv.hu\/index.php?rest_route=\/wp\/v2\/posts\/8042\/revisions\/8075"}],"wp:attachment":[{"href":"http:\/\/archiv.szolnoktv.hu\/index.php?rest_route=%2Fwp%2Fv2%2Fmedia&parent=8042"}],"wp:term":[{"taxonomy":"category","embeddable":true,"href":"http:\/\/archiv.szolnoktv.hu\/index.php?rest_route=%2Fwp%2Fv2%2Fcategories&post=8042"},{"taxonomy":"post_tag","embeddable":true,"href":"http:\/\/archiv.szolnoktv.hu\/index.php?rest_route=%2Fwp%2Fv2%2Ftags&post=8042"}],"curies":[{"name":"wp","href":"https:\/\/api.w.org\/{rel}","templated":true}]}}