{"id":8041,"date":"2018-01-25T16:21:00","date_gmt":"2018-01-25T16:21:00","guid":{"rendered":"http:\/\/archiv.szolnoktv.hu\/?p=8041"},"modified":"2021-08-13T18:02:26","modified_gmt":"2021-08-13T18:02:26","slug":"fatelepites-a-varkonyi-teren","status":"publish","type":"post","link":"http:\/\/archiv.szolnoktv.hu\/?p=8041","title":{"rendered":"Fatelep\u00edt\u00e9s a V\u00e1rkonyi t\u00e9ren"},"content":{"rendered":"<div class='booster-block booster-read-block'><\/div><p>A Tavaly megkezdett f\u00e1s\u00edt\u00e1si program, id\u00e9n is folytat\u00f3dik. Eddig \u00f6sszesen 140db f\u00e1t telep\u00edtettek a Sz\u00e9chenyi v\u00e1rosr\u00e9szbe \u00e9s a belv\u00e1rosba. A V\u00e1rkonyi t\u00e9rre a napokban ker\u00fcltek \u00faj, keleti ostorf\u00e1k. Eredetileg a M\u00e1ria \u00fatra tervezt\u00e9k az \u00faj csemet\u00e9ket, de a sok k\u00f6zm\u0171 miatt ezek el\u00fcltet\u00e9se meghi\u00fasult. Az \u00f6nkorm\u00e1nyzat az\u00e9rt d\u00f6nt\u00f6tt a keleti ostorfa telep\u00edt\u00e9se mellett, mert ez egy t\u00e1g t\u0171r\u0151k\u00e9pess\u00e9g\u0171 faj. Ellen\u00e1ll a sz\u00e1razs\u00e1gnak \u00e9s a k\u00f6rnyezeti \u00e1rtalmaknak.<\/p>\n<p>-Ennek a fatelep\u00edt\u00e9snek nem a hi\u00e1nyz\u00f3 f\u00e1k p\u00f3tl\u00e1sa volt els\u0151 sorban a c\u00e9lja, hanem k\u00f6rnyezetv\u00e9delmi okok adt\u00e1k a lehet\u0151s\u00e9get arra, hogy a f\u00e1kat el\u00fcltess\u00fck. Pontosan az\u00e9rt, mert a V\u00e1rkonyi t\u00e9ri csom\u00f3pont \u00e1t\u00e9p\u00edt\u00e9se, a Sebesty\u00e9n Gyula \u00fat majdani megnyit\u00e1sa felt\u00e9telez egy nagyobb forgalmat. Ez \u00e1ltal pr\u00f3b\u00e1ltuk az itt lak\u00f3knak az \u00e9letk\u00f6r\u00fclm\u00e9nyeit picit seg\u00edteni, tomp\u00edtani, majd a k\u00f6zleked\u00e9sb\u0151l okoz\u00f3 por, zaj hat\u00e1sokat \u00e9s egy\u00e9b k\u00f6rnyezeti \u00e1rtalmakat.&#8221; -nyilatkozta Boros Zolt\u00e1n, a V\u00e1ros\u00fczemeltet\u00e9si Oszt\u00e1ly vezet\u0151 f\u0151tan\u00e1csosa.<\/p>\n<p> A 2018-as \u00e9vben a Kossuth t\u00e9r \u00e9s a Tiszapart ter\u00fclete sz\u00e9p\u00fcl majd \u00fajabb f\u00e1kkal. A legnagyobb munk\u00e1latok pedig a Bercs\u00e9nyi \u00faton t\u00f6rt\u00e9nnek majd, ahol teljes fasor cser\u00e9je t\u00f6rt\u00e9nik. Az utca teljes hossz\u00e1ba hegyi juharok ker\u00fclnek.<\/p>\n<div style=\"width: 640px;\" class=\"wp-video\"><!--[if lt IE 9]><script>document.createElement('video');<\/script><![endif]-->\n<video class=\"wp-video-shortcode\" id=\"video-8041-1\" width=\"640\" height=\"360\" preload=\"metadata\" controls=\"controls\"><source type=\"video\/mp4\" src=\"\/spots\/hir\/hir_180125_05.mp4?_=1\" \/><a href=\"\/spots\/hir\/hir_180125_05.mp4\">\/spots\/hir\/hir_180125_05.mp4<\/a><\/video><\/div>\n","protected":false},"excerpt":{"rendered":"<p>A Tavaly megkezdett f\u00e1s\u00edt\u00e1si program, id\u00e9n is folytat\u00f3dik. Eddig \u00f6sszesen 140db f\u00e1t telep\u00edtettek a Sz\u00e9chenyi v\u00e1rosr\u00e9szbe \u00e9s a belv\u00e1rosba. A V\u00e1rkonyi t\u00e9rre a napokban ker\u00fcltek \u00faj, keleti ostorf\u00e1k. Eredetileg a M\u00e1ria \u00fatra tervezt\u00e9k az \u00faj csemet\u00e9ket, de a sok k\u00f6zm\u0171 miatt ezek el\u00fcltet\u00e9se meghi\u00fasult. Az \u00f6nkorm\u00e1nyzat az\u00e9rt d\u00f6nt\u00f6tt a keleti ostorfa telep\u00edt\u00e9se mellett, mert ez [&hellip;]<\/p>\n","protected":false},"author":2,"featured_media":0,"comment_status":"closed","ping_status":"closed","sticky":false,"template":"","format":"standard","meta":[],"categories":[9],"tags":[],"_links":{"self":[{"href":"http:\/\/archiv.szolnoktv.hu\/index.php?rest_route=\/wp\/v2\/posts\/8041"}],"collection":[{"href":"http:\/\/archiv.szolnoktv.hu\/index.php?rest_route=\/wp\/v2\/posts"}],"about":[{"href":"http:\/\/archiv.szolnoktv.hu\/index.php?rest_route=\/wp\/v2\/types\/post"}],"author":[{"embeddable":true,"href":"http:\/\/archiv.szolnoktv.hu\/index.php?rest_route=\/wp\/v2\/users\/2"}],"replies":[{"embeddable":true,"href":"http:\/\/archiv.szolnoktv.hu\/index.php?rest_route=%2Fwp%2Fv2%2Fcomments&post=8041"}],"version-history":[{"count":1,"href":"http:\/\/archiv.szolnoktv.hu\/index.php?rest_route=\/wp\/v2\/posts\/8041\/revisions"}],"predecessor-version":[{"id":8076,"href":"http:\/\/archiv.szolnoktv.hu\/index.php?rest_route=\/wp\/v2\/posts\/8041\/revisions\/8076"}],"wp:attachment":[{"href":"http:\/\/archiv.szolnoktv.hu\/index.php?rest_route=%2Fwp%2Fv2%2Fmedia&parent=8041"}],"wp:term":[{"taxonomy":"category","embeddable":true,"href":"http:\/\/archiv.szolnoktv.hu\/index.php?rest_route=%2Fwp%2Fv2%2Fcategories&post=8041"},{"taxonomy":"post_tag","embeddable":true,"href":"http:\/\/archiv.szolnoktv.hu\/index.php?rest_route=%2Fwp%2Fv2%2Ftags&post=8041"}],"curies":[{"name":"wp","href":"https:\/\/api.w.org\/{rel}","templated":true}]}}