{"id":8040,"date":"2018-01-24T18:07:04","date_gmt":"2018-01-24T18:07:04","guid":{"rendered":"http:\/\/archiv.szolnoktv.hu\/?p=8040"},"modified":"2021-08-13T18:02:26","modified_gmt":"2021-08-13T18:02:26","slug":"a-stabil-varosi-koltsegvetes-a-cel","status":"publish","type":"post","link":"http:\/\/archiv.szolnoktv.hu\/?p=8040","title":{"rendered":"A stabil v\u00e1rosi k\u00f6lts\u00e9gvet\u00e9s a c\u00e9l"},"content":{"rendered":"<div class='booster-block booster-read-block'><\/div><p>Janu\u00e1rban befejez\u0151dtek az \u00f6nkorm\u00e1nyzati tulajdon\u00fa c\u00e9gek, \u00e9s az \u00f6nkorm\u00e1nyzati int\u00e9zm\u00e9nyek vezet\u0151ivel a k\u00f6lts\u00e9gvet\u00e9si rendeletet \u00e9rint\u0151 egyeztet\u00e9sek, amelyek els\u0151sorban a t\u00e1rsas\u00e1gok, valamint az \u00f6nkorm\u00e1nyzat elv\u00e1r\u00e1sair\u00f3l sz\u00f3ltak  &#8211;   mondta az ellen\u0151rz\u0151 bizotts\u00e1g eln\u00f6ke. Rad\u00f3cz Zolt\u00e1n \u00fagy fogalmazott: jelenleg az \u00e1gazati egyeztet\u00e9sek zajlanak, amelyek a t\u00f6bbi k\u00f6z\u00f6tt a v\u00e1ros\u00fczemeltet\u00e9st, a hum\u00e1npolitik\u00e1t, a vagyonm\u0171k\u00f6dtet\u00e9st \u00e9s a szoci\u00e1lis \u00e1gazatot \u00e9rintik.  <\/p>\n<p>Rad\u00f3cz Zolt\u00e1n al\u00e1h\u00fazta: -B\u00e1r a stabilit\u00e1st fogja biztos\u00edtani a k\u00f6lts\u00e9gvet\u00e9s \u00e9s tudja garant\u00e1lni, hogy a minim\u00e1lb\u00e9rt \u00e9s a garant\u00e1lt b\u00e9rminimumot megkaphatj\u00e1k mindazon dolgoz\u00f3k, akik jogosultak r\u00e1, ezt el fogja ismerni az \u00f6nkorm\u00e1nyzat. M\u00e1r l\u00e1tszik, hogy a szoci\u00e1lis szf\u00e9ra m\u00e9g nincs is benne, csak az int\u00e9zm\u00e9nyeinkn\u00e9l \u00e9s az \u00f6nkorm\u00e1nyzati c\u00e9geinkn\u00e9l  &#8211;  hiszen 11 \u00f6nkorm\u00e1nyzati c\u00e9ge van m\u00e1r a v\u00e1rosnak-, 780 olyan dolgoz\u00f3 van, akit \u00e9rint a b\u00e9remel\u00e9s.&#8221; <\/p>\n<p>A t\u00e1rgyal\u00e1sok jelenlegi c\u00e9lja a b\u00e9remel\u00e9sek mellett a c\u00e9geken bel\u00fcli b\u00e9rfesz\u00fclts\u00e9gek felold\u00e1sa. Erre az\u00e9rt van sz\u00fcks\u00e9g, hogy a k\u00f6zszf\u00e9ra b\u00e9rei l\u00e9p\u00e9st tudjanak tartani a versenyszf\u00e9r\u00e1val, \u00e9s a \u00edgy a szakk\u00e9pzet munkaer\u0151 elv\u00e1ndorl\u00e1s\u00e1t meg\u00e1ll\u00edts\u00e1k.  &#8211;   mondta az eln\u00f6k.<\/p>\n<p>-Ez a helyzet kialakult, ma m\u00e9g erre nem lehet mondani, hogy b\u00e9rfesz\u00fclts\u00e9g kezel\u00e9s\u00e9re lesz-e lehet\u0151s\u00e9g, ez nem l\u00e1that\u00f3. Az biztos, hogy a decemberihez k\u00e9pest egy ter\u00fcletnek jobbnak l\u00e1tszik a finansz\u00edroz\u00e1sa orsz\u00e1gos szinten, ez a szoci\u00e1lis szf\u00e9ra. Ez azzal is j\u00e1r, hogy t\u00f6bb feladatot is kap a v\u00e1ros, teh\u00e1t ez nem automatikus, ez egy kicsit jobb helyzet, \u00f3vod\u00e1kban, szoci\u00e1lis szf\u00e9r\u00e1kban jobb alapb\u00f3l indulhatunk ki&#8221;  &#8211;   mondta az eln\u00f6k.<\/p>\n<p>A szoci\u00e1lis \u00e1gazat mellett kedvez\u0151k az alapok a zenekarok \u00e9s a sz\u00ednh\u00e1z eset\u00e9ben is, a be\u00e9rkez\u0151 t\u00e1mogat\u00e1sok miatt. Nehezebb helyzetben vannak viszont b\u00e9rfesz\u00fclts\u00e9g cs\u00f6kkent\u00e9s szempontj\u00e1b\u00f3l azok a t\u00e1rsas\u00e1gok, amelyek piaci lehet\u0151s\u00e9geiket m\u00e1r teljesen kiakn\u00e1zt\u00e1k saj\u00e1t bev\u00e9teleik n\u00f6vel\u00e9s\u00e9re.  &#8211;   folytatta Rad\u00f3cz Zolt\u00e1n. A bizotts\u00e1g eln\u00f6ke \u00fagy fogalmazott: szerinte 2018-ban megval\u00f3sulhat az \u00fagynevezett 0-\u00e1s k\u00f6lts\u00e9gvet\u00e9s, amelyben a bev\u00e9teli \u00e9s a kiad\u00e1si oldal egyens\u00falya tarthat\u00f3 lesz, viszont ezzel egy\u00fctt a fenn\u00e1ll\u00f3 b\u00e9rfesz\u00fclts\u00e9gek is megmaradhatnak. A 2018-as v\u00e1rosi k\u00f6lts\u00e9gvet\u00e9s elfogad\u00e1s\u00e1r\u00f3l a febru\u00e1ri k\u00f6zgy\u0171l\u00e9sen d\u00f6ntenek a k\u00e9pvisel\u0151k.<br \/>\n<br \/>\n<div style=\"width: 640px;\" class=\"wp-video\"><!--[if lt IE 9]><script>document.createElement('video');<\/script><![endif]-->\n<video class=\"wp-video-shortcode\" id=\"video-8040-1\" width=\"640\" height=\"360\" preload=\"metadata\" controls=\"controls\"><source type=\"video\/mp4\" src=\"\/spots\/hir\/hir_180124_04.mp4?_=1\" \/><a href=\"\/spots\/hir\/hir_180124_04.mp4\">\/spots\/hir\/hir_180124_04.mp4<\/a><\/video><\/div><\/p>\n","protected":false},"excerpt":{"rendered":"<p>Janu\u00e1rban befejez\u0151dtek az \u00f6nkorm\u00e1nyzati tulajdon\u00fa c\u00e9gek, \u00e9s az \u00f6nkorm\u00e1nyzati int\u00e9zm\u00e9nyek vezet\u0151ivel a k\u00f6lts\u00e9gvet\u00e9si rendeletet \u00e9rint\u0151 egyeztet\u00e9sek, amelyek els\u0151sorban a t\u00e1rsas\u00e1gok, valamint az \u00f6nkorm\u00e1nyzat elv\u00e1r\u00e1sair\u00f3l sz\u00f3ltak &#8211; mondta az ellen\u0151rz\u0151 bizotts\u00e1g eln\u00f6ke. Rad\u00f3cz Zolt\u00e1n \u00fagy fogalmazott: jelenleg az \u00e1gazati egyeztet\u00e9sek zajlanak, amelyek a t\u00f6bbi k\u00f6z\u00f6tt a v\u00e1ros\u00fczemeltet\u00e9st, a hum\u00e1npolitik\u00e1t, a vagyonm\u0171k\u00f6dtet\u00e9st \u00e9s a szoci\u00e1lis \u00e1gazatot \u00e9rintik. [&hellip;]<\/p>\n","protected":false},"author":2,"featured_media":0,"comment_status":"closed","ping_status":"closed","sticky":false,"template":"","format":"standard","meta":[],"categories":[9],"tags":[],"_links":{"self":[{"href":"http:\/\/archiv.szolnoktv.hu\/index.php?rest_route=\/wp\/v2\/posts\/8040"}],"collection":[{"href":"http:\/\/archiv.szolnoktv.hu\/index.php?rest_route=\/wp\/v2\/posts"}],"about":[{"href":"http:\/\/archiv.szolnoktv.hu\/index.php?rest_route=\/wp\/v2\/types\/post"}],"author":[{"embeddable":true,"href":"http:\/\/archiv.szolnoktv.hu\/index.php?rest_route=\/wp\/v2\/users\/2"}],"replies":[{"embeddable":true,"href":"http:\/\/archiv.szolnoktv.hu\/index.php?rest_route=%2Fwp%2Fv2%2Fcomments&post=8040"}],"version-history":[{"count":1,"href":"http:\/\/archiv.szolnoktv.hu\/index.php?rest_route=\/wp\/v2\/posts\/8040\/revisions"}],"predecessor-version":[{"id":8077,"href":"http:\/\/archiv.szolnoktv.hu\/index.php?rest_route=\/wp\/v2\/posts\/8040\/revisions\/8077"}],"wp:attachment":[{"href":"http:\/\/archiv.szolnoktv.hu\/index.php?rest_route=%2Fwp%2Fv2%2Fmedia&parent=8040"}],"wp:term":[{"taxonomy":"category","embeddable":true,"href":"http:\/\/archiv.szolnoktv.hu\/index.php?rest_route=%2Fwp%2Fv2%2Fcategories&post=8040"},{"taxonomy":"post_tag","embeddable":true,"href":"http:\/\/archiv.szolnoktv.hu\/index.php?rest_route=%2Fwp%2Fv2%2Ftags&post=8040"}],"curies":[{"name":"wp","href":"https:\/\/api.w.org\/{rel}","templated":true}]}}