{"id":8039,"date":"2018-01-24T17:24:27","date_gmt":"2018-01-24T17:24:27","guid":{"rendered":"http:\/\/archiv.szolnoktv.hu\/?p=8039"},"modified":"2021-08-13T18:02:26","modified_gmt":"2021-08-13T18:02:26","slug":"mszp-jeloltbemutatas","status":"publish","type":"post","link":"http:\/\/archiv.szolnoktv.hu\/?p=8039","title":{"rendered":"MSZP jel\u00f6ltbemutat\u00e1s"},"content":{"rendered":"<div class='booster-block booster-read-block'><\/div><p>Kunhalmi \u00c1gnes az MSZP budapesti eln\u00f6ke mutatta be  MSZP-P\u00e1rbesz\u00e9d  k\u00e9t megyei  orsz\u00e1ggy\u0171l\u00e9si k\u00e9pvisel\u0151jel\u00f6ltj\u00e9t. Besz\u00e9d\u00e9ben elmondta: &#8211; Szolnokr\u00f3l n\u00e9gysz\u00e1z, a megy\u00e9b\u0151l t\u00f6bb ezer fiatal megy el \u00e9vente&#8221;. <\/p>\n<p>Kunhalmi \u00c1gnes, budapesti eln\u00f6k, MSZP : <\/p>\n<p>-&#8220;Ha nem tal\u00e1lja meg egy ember a sz\u00e1m\u00edt\u00e1s\u00e1t a megy\u00e9j\u00e9ben, a v\u00e1ros\u00e1ban, akkor az eg\u00e9sz orsz\u00e1g ki fog \u00fcr\u00fclni. Sajnos ennek a folyamatnak a kell\u0151s k\u00f6zep\u00e9n vagyunk. A mi aj\u00e1nlatunk a koll\u00e9g\u00e1inkkal nemcsak hogy egy jobb orsz\u00e1got fogunk teremteni, hanem meg is mondjuk, hogy milyen. Ez a szoci\u00e1lis demokr\u00e1cia programja. &#8211;<\/p>\n<p>Moln\u00e1r Zsolt orsz\u00e1ggy\u0171l\u00e9si k\u00e9pvisel\u0151 besz\u00e9d\u00e9ben hangs\u00falyozta, hogy a t\u00f6r\u00f6kszentmikl\u00f3si \u00e9s  a szolnoki  jel\u00f6ltek is  seg\u00edtenek majd abban, hogy h\u00fasv\u00e9t ut\u00e1n meg\u00e9rkezzen az els\u0151 Kar\u00e1csony korm\u00e1ny. R\u00f3zsa Endre k\u00e9pvisel\u0151jel\u00f6lt  5 pontban ismertette elk\u00e9pzel\u00e9seit. Sz\u00f3lt az M4-es aut\u00f3p\u00e1lya, a Martf\u0171i s\u00f6rgy\u00e1r, a kunszentm\u00e1rtoni M44-es beruh\u00e1z\u00e1s, a mez\u0151t\u00fari k\u00f3rh\u00e1z \u00e9s a t\u00e9rs\u00e9g \u00f6sszek\u00f6t\u0151 \u00fatjainak \u00fcgy\u00e9r\u0151l is. Gy\u0151rfi Mih\u00e1ly szolnoki jel\u00f6lt a Cs\u00e1klya \u00fati h\u00edd \u00fcgy\u00e9ben ind\u00edtott al\u00e1\u00edr\u00e1sgy\u0171jt\u00e9sr\u0151l \u00e9s a Besenysz\u00f6g-Nagyk\u00f6r\u0171-K\u0151telek k\u00f6zleked\u00e9si h\u00e1tr\u00e1nyair\u00f3l besz\u00e9lt. Ami a t\u00e9rs\u00e9g eg\u00e9szs\u00e9g\u00fcgyi ell\u00e1t\u00e1s\u00e1t is \u00e9rinti.<\/p>\n<p>Gy\u0151rfi Mih\u00e1ly orsz\u00e1ggy\u0171l\u00e9si k\u00e9pvisel\u0151jel\u00f6lt, MSZP-P\u00e1rbesz\u00e9d, 1. OEVK hangs\u00falyozta: <\/p>\n<p>-&#8220;Rendk\u00edv\u00fcl fontos k\u00e9r\u00e9se a t\u00e9rs\u00e9gnek, hogy egy ment\u0151\u00e1llom\u00e1st l\u00e9tes\u00edtsen. \u00c9n ez\u00e9rt fogok dolgozni, illetve azoknak az embereknek a probl\u00e9m\u00e1inak a megold\u00e1s\u00e1\u00e9rt, akik engem megkeresnek, mindig nyitott vagyok, mindig el\u00e9rhet\u0151 vagyok a telefonomon. &#8211;<\/p>\n<p>Egy karitat\u00edv akci\u00f3t is ind\u00edtottak. A T\u00f3fen\u00e9k \u00fatra kihelyezett, t\u00e1rsadalmi \u00e9bred\u00e9sre h\u00edv\u00f3  l\u00e1d\u00e1ba,  p\u00e1rt\u00e1ll\u00e1st\u00f3l f\u00fcggetlen\u00fcl rakhat bele, vagy vehet ki b\u00e1rki tart\u00f3s \u00e9lelmiszert. Az est telt h\u00e1zas baloldali tal\u00e1lkoz\u00f3val \u00e9s jel\u00f6ltbemutat\u00e1ssal z\u00e1rult.<br \/>\n<br \/>\n<div style=\"width: 640px;\" class=\"wp-video\"><!--[if lt IE 9]><script>document.createElement('video');<\/script><![endif]-->\n<video class=\"wp-video-shortcode\" id=\"video-8039-1\" width=\"640\" height=\"360\" preload=\"metadata\" controls=\"controls\"><source type=\"video\/mp4\" src=\"\/spots\/hir\/hir_180124_05.mp4?_=1\" \/><a href=\"\/spots\/hir\/hir_180124_05.mp4\">\/spots\/hir\/hir_180124_05.mp4<\/a><\/video><\/div><\/p>\n","protected":false},"excerpt":{"rendered":"<p>Kunhalmi \u00c1gnes az MSZP budapesti eln\u00f6ke mutatta be MSZP-P\u00e1rbesz\u00e9d k\u00e9t megyei orsz\u00e1ggy\u0171l\u00e9si k\u00e9pvisel\u0151jel\u00f6ltj\u00e9t. Besz\u00e9d\u00e9ben elmondta: &#8211; Szolnokr\u00f3l n\u00e9gysz\u00e1z, a megy\u00e9b\u0151l t\u00f6bb ezer fiatal megy el \u00e9vente&#8221;. Kunhalmi \u00c1gnes, budapesti eln\u00f6k, MSZP : -&#8220;Ha nem tal\u00e1lja meg egy ember a sz\u00e1m\u00edt\u00e1s\u00e1t a megy\u00e9j\u00e9ben, a v\u00e1ros\u00e1ban, akkor az eg\u00e9sz orsz\u00e1g ki fog \u00fcr\u00fclni. Sajnos ennek a folyamatnak [&hellip;]<\/p>\n","protected":false},"author":2,"featured_media":0,"comment_status":"closed","ping_status":"closed","sticky":false,"template":"","format":"standard","meta":[],"categories":[9],"tags":[],"_links":{"self":[{"href":"http:\/\/archiv.szolnoktv.hu\/index.php?rest_route=\/wp\/v2\/posts\/8039"}],"collection":[{"href":"http:\/\/archiv.szolnoktv.hu\/index.php?rest_route=\/wp\/v2\/posts"}],"about":[{"href":"http:\/\/archiv.szolnoktv.hu\/index.php?rest_route=\/wp\/v2\/types\/post"}],"author":[{"embeddable":true,"href":"http:\/\/archiv.szolnoktv.hu\/index.php?rest_route=\/wp\/v2\/users\/2"}],"replies":[{"embeddable":true,"href":"http:\/\/archiv.szolnoktv.hu\/index.php?rest_route=%2Fwp%2Fv2%2Fcomments&post=8039"}],"version-history":[{"count":1,"href":"http:\/\/archiv.szolnoktv.hu\/index.php?rest_route=\/wp\/v2\/posts\/8039\/revisions"}],"predecessor-version":[{"id":8078,"href":"http:\/\/archiv.szolnoktv.hu\/index.php?rest_route=\/wp\/v2\/posts\/8039\/revisions\/8078"}],"wp:attachment":[{"href":"http:\/\/archiv.szolnoktv.hu\/index.php?rest_route=%2Fwp%2Fv2%2Fmedia&parent=8039"}],"wp:term":[{"taxonomy":"category","embeddable":true,"href":"http:\/\/archiv.szolnoktv.hu\/index.php?rest_route=%2Fwp%2Fv2%2Fcategories&post=8039"},{"taxonomy":"post_tag","embeddable":true,"href":"http:\/\/archiv.szolnoktv.hu\/index.php?rest_route=%2Fwp%2Fv2%2Ftags&post=8039"}],"curies":[{"name":"wp","href":"https:\/\/api.w.org\/{rel}","templated":true}]}}