{"id":8038,"date":"2018-01-24T16:57:32","date_gmt":"2018-01-24T16:57:32","guid":{"rendered":"http:\/\/archiv.szolnoktv.hu\/?p=8038"},"modified":"2021-08-13T18:02:26","modified_gmt":"2021-08-13T18:02:26","slug":"szocialis-bizottsagi-ules","status":"publish","type":"post","link":"http:\/\/archiv.szolnoktv.hu\/?p=8038","title":{"rendered":"Szoci\u00e1lis Bizotts\u00e1gi \u00fcl\u00e9s"},"content":{"rendered":"<div class='booster-block booster-read-block'><\/div><p>T\u00f6rv\u00e9nyi szab\u00e1lyoz\u00e1s szerint 30 ezern\u00e9l nagyobb l\u00e9ksz\u00e1mmal rendelkez\u0151 v\u00e1rosoknak k\u00f6telez\u0151 \u00e1tmeneti otthonokat l\u00e9trehozni, illetve fenntartani. 2000 \u00f3ta Szolnokon ez a M\u00c1V j\u00e1rm\u0171jav\u00edt\u00f3 volt \u00f3vod\u00e1j\u00e1ban m\u0171k\u00f6dik. Az \u00e9p\u00fcletet b\u00e9rleti szerz\u0151d\u00e9s form\u00e1j\u00e1ban haszn\u00e1lhatja a v\u00e1ros. A feladatell\u00e1t\u00e1st a Magyar \u00d6komenikus Seg\u00e9lyszervezet v\u00e9gzi. 2017-ben az \u00e9p\u00fclet \u00faj ny\u00edl\u00e1sz\u00e1r\u00f3kat kapott, de enn\u00e9l \u00e1tfog\u00f3bb fel\u00faj\u00edt\u00e1sra van sz\u00fcks\u00e9g.<\/p>\n<p>-Maga az \u00e9p\u00fclet m\u00e1r r\u00e9ges-r\u00e9gen elhaszn\u00e1l\u00f3dott, ez\u00e9rt \u00fagy d\u00f6nt\u00f6tt a Szeretetszolg\u00e1lat, hogy egyfajta p\u00e1ly\u00e1zat keretein bel\u00fcl -EFOP-os p\u00e1ly\u00e1zat keretein bel\u00fcl fel\u00faj\u00edtja. Meg is nyerte az \u00f6sszeget. Ez az \u00f6sszeg valamivel t\u00f6bb mint 73 milli\u00f3 forint.&#8221; -nyilatkozta Tasn\u00e1di Zolt\u00e1n, az Eg\u00e9szs\u00e9g\u00fcgyi, Sport, Turisztikai \u00e9s Szoci\u00e1lis Bizotts\u00e1g eln\u00f6ke.<\/p>\n<p> A Csal\u00e1dok \u00c1tmeneti Otthona tavaly 129 f\u0151nek adott oltalmat, jelenleg 8 csal\u00e1d \u00e9l az int\u00e9zm\u00e9nyben. A p\u00e1ly\u00e1zat elnyer\u00e9s\u00e9hez az ell\u00e1t\u00e1si \u00e9s a b\u00e9rleti szerz\u0151d\u00e9sek m\u00f3dos\u00edt\u00e1saira, valamint a M\u00c1V Zrt. egy \u00faj hozz\u00e1j\u00e1rul\u00e1si nyilatkozat\u00e1ra is sz\u00fcks\u00e9g volt. V\u00e1rhat\u00f3an m\u00e9g id\u00e9n megkezd\u0151dnek a munk\u00e1latok. Hangzott el a szakbizotts\u00e1g \u00fcl\u00e9s\u00e9n.<br \/>\n<br \/>\n<div style=\"width: 640px;\" class=\"wp-video\"><!--[if lt IE 9]><script>document.createElement('video');<\/script><![endif]-->\n<video class=\"wp-video-shortcode\" id=\"video-8038-1\" width=\"640\" height=\"360\" preload=\"metadata\" controls=\"controls\"><source type=\"video\/mp4\" src=\"\/spots\/hir\/hir_180124_03.mp4?_=1\" \/><a href=\"\/spots\/hir\/hir_180124_03.mp4\">\/spots\/hir\/hir_180124_03.mp4<\/a><\/video><\/div><\/p>\n","protected":false},"excerpt":{"rendered":"<p>T\u00f6rv\u00e9nyi szab\u00e1lyoz\u00e1s szerint 30 ezern\u00e9l nagyobb l\u00e9ksz\u00e1mmal rendelkez\u0151 v\u00e1rosoknak k\u00f6telez\u0151 \u00e1tmeneti otthonokat l\u00e9trehozni, illetve fenntartani. 2000 \u00f3ta Szolnokon ez a M\u00c1V j\u00e1rm\u0171jav\u00edt\u00f3 volt \u00f3vod\u00e1j\u00e1ban m\u0171k\u00f6dik. Az \u00e9p\u00fcletet b\u00e9rleti szerz\u0151d\u00e9s form\u00e1j\u00e1ban haszn\u00e1lhatja a v\u00e1ros. A feladatell\u00e1t\u00e1st a Magyar \u00d6komenikus Seg\u00e9lyszervezet v\u00e9gzi. 2017-ben az \u00e9p\u00fclet \u00faj ny\u00edl\u00e1sz\u00e1r\u00f3kat kapott, de enn\u00e9l \u00e1tfog\u00f3bb fel\u00faj\u00edt\u00e1sra van sz\u00fcks\u00e9g. -Maga az \u00e9p\u00fclet [&hellip;]<\/p>\n","protected":false},"author":2,"featured_media":0,"comment_status":"closed","ping_status":"closed","sticky":false,"template":"","format":"standard","meta":[],"categories":[9],"tags":[],"_links":{"self":[{"href":"http:\/\/archiv.szolnoktv.hu\/index.php?rest_route=\/wp\/v2\/posts\/8038"}],"collection":[{"href":"http:\/\/archiv.szolnoktv.hu\/index.php?rest_route=\/wp\/v2\/posts"}],"about":[{"href":"http:\/\/archiv.szolnoktv.hu\/index.php?rest_route=\/wp\/v2\/types\/post"}],"author":[{"embeddable":true,"href":"http:\/\/archiv.szolnoktv.hu\/index.php?rest_route=\/wp\/v2\/users\/2"}],"replies":[{"embeddable":true,"href":"http:\/\/archiv.szolnoktv.hu\/index.php?rest_route=%2Fwp%2Fv2%2Fcomments&post=8038"}],"version-history":[{"count":1,"href":"http:\/\/archiv.szolnoktv.hu\/index.php?rest_route=\/wp\/v2\/posts\/8038\/revisions"}],"predecessor-version":[{"id":8079,"href":"http:\/\/archiv.szolnoktv.hu\/index.php?rest_route=\/wp\/v2\/posts\/8038\/revisions\/8079"}],"wp:attachment":[{"href":"http:\/\/archiv.szolnoktv.hu\/index.php?rest_route=%2Fwp%2Fv2%2Fmedia&parent=8038"}],"wp:term":[{"taxonomy":"category","embeddable":true,"href":"http:\/\/archiv.szolnoktv.hu\/index.php?rest_route=%2Fwp%2Fv2%2Fcategories&post=8038"},{"taxonomy":"post_tag","embeddable":true,"href":"http:\/\/archiv.szolnoktv.hu\/index.php?rest_route=%2Fwp%2Fv2%2Ftags&post=8038"}],"curies":[{"name":"wp","href":"https:\/\/api.w.org\/{rel}","templated":true}]}}