{"id":8037,"date":"2018-01-24T16:44:56","date_gmt":"2018-01-24T16:44:56","guid":{"rendered":"http:\/\/archiv.szolnoktv.hu\/?p=8037"},"modified":"2021-08-13T18:02:26","modified_gmt":"2021-08-13T18:02:26","slug":"ujevi-sportkarneval","status":"publish","type":"post","link":"http:\/\/archiv.szolnoktv.hu\/?p=8037","title":{"rendered":"\u00daj\u00e9vi Sportkarnev\u00e1l"},"content":{"rendered":"<div class='booster-block booster-read-block'><\/div><p>K\u00f6z\u00f6s \u00e9nekl\u00e9s nyitotta meg a 9. \u00f3vod\u00e1s Sportkarnev\u00e1lt a Sz\u00e9chenyi K\u00f6r\u00fati Sportiskolai \u00c1ltal\u00e1nos Iskola tornaterm\u00e9ben. A j\u00e1t\u00e9kos sorverseny els\u0151 fordul\u00f3j\u00e1ban a nagycsoportos \u00f3vod\u00e1sok adtak sz\u00e1mot gyorsas\u00e1gukr\u00f3l, \u00fcgyess\u00e9g\u00fckr\u0151l \u00e9s egyens\u00faly\u00e9rz\u00e9k\u00fckr\u0151l. A gyerekeket a feladatok v\u00e9grehajt\u00e1s\u00e1ban az iskola tanul\u00f3i seg\u00edtett\u00e9k. <\/p>\n<p>-Gurulni kellett, bukfencezni, a padokon m\u00e1szni \u00e9s \u00e1tmenni rajta. \u00c1tmenni a l\u00e1nyok alatt \u00e9s p\u00f6r\u00f6gni vel\u00fck, ut\u00e1na pedig \u00e1tmenni alattuk m\u00e9g egyszer \u00e9s \u00fajra ford\u00edtva visszament\u00fcnk.&#8221;- mes\u00e9lte Szabadi Dorka a T\u00fcnd\u00e9rkert \u00d3voda \u00f3v\u00f3d\u00e1sa. <\/p>\n<p>Az \u00f3v\u00f3d\u00e1sok szerint a mozg\u00e1s fontos. A gyerekek azt is el\u00e1rult\u00e1k, hogy mi a kedvenc, illetve kev\u00e9sb\u00e9 kedvelt sport\u00e1guk. <\/p>\n<p>-Focira nem szoktam olyan sokat j\u00e1rni. A v\u00edv\u00e1s a kedvenc sportom. A Z\u00f6ld h\u00e1zban van.&#8221;- mes\u00e9lte a Sziv\u00e1rv\u00e1ny \u00d3vod\u00e1b\u00f3l \u00e9rkezett T\u00f3th Dominik Tibor. <\/p>\n<p>Versenyre 6 \u00f3voda 7 csapattal \u00e9rkezett. A program c\u00e9lja ebben az \u00e9vben is a sport \u00e9s a mindennapos testmozg\u00e1s n\u00e9pszer\u0171s\u00edt\u00e9se volt. <\/p>\n<p>-Ez a legfontosabb \u00e9s nemcsak ebben az \u00e9letkorban, hanem m\u00e1r csecsem\u0151 korukt\u00f3l kezd\u0151d\u0151en eg\u00e9szen id\u0151s korukig. Csak buzd\u00edtani tudok mindenkit, hogy mozogjon, mert testi eg\u00e9szs\u00e9g\u00fcnk kihat a lelki eg\u00e9szs\u00e9g\u00fcnkre \u00e9s ez ford\u00edtva is igaz.&#8221;- mondta a Sz\u00e9chenyi K\u00f6r\u00fati Sportiskolai \u00c1ltal\u00e1nos Iskola igazgat\u00f3helyettese.<\/p>\n<p>A sportkarnev\u00e1lra jelentkez\u0151k sz\u00e1ma \u00e9vr\u0151l-\u00e9vre n\u0151. A program \u00e1ltal a gyerekek nemcsak a sportol\u00e1st kedvelhetik meg, hanem megtanulhatj\u00e1k egym\u00e1st t\u00e1mogatni \u00e9s csapatban dolgozni.<br \/>\n<br \/>\n<div style=\"width: 640px;\" class=\"wp-video\"><!--[if lt IE 9]><script>document.createElement('video');<\/script><![endif]-->\n<video class=\"wp-video-shortcode\" id=\"video-8037-1\" width=\"640\" height=\"360\" preload=\"metadata\" controls=\"controls\"><source type=\"video\/mp4\" src=\"\/spots\/hir\/hir_180124_01.mp4?_=1\" \/><a href=\"\/spots\/hir\/hir_180124_01.mp4\">\/spots\/hir\/hir_180124_01.mp4<\/a><\/video><\/div><\/p>\n","protected":false},"excerpt":{"rendered":"<p>K\u00f6z\u00f6s \u00e9nekl\u00e9s nyitotta meg a 9. \u00f3vod\u00e1s Sportkarnev\u00e1lt a Sz\u00e9chenyi K\u00f6r\u00fati Sportiskolai \u00c1ltal\u00e1nos Iskola tornaterm\u00e9ben. A j\u00e1t\u00e9kos sorverseny els\u0151 fordul\u00f3j\u00e1ban a nagycsoportos \u00f3vod\u00e1sok adtak sz\u00e1mot gyorsas\u00e1gukr\u00f3l, \u00fcgyess\u00e9g\u00fckr\u0151l \u00e9s egyens\u00faly\u00e9rz\u00e9k\u00fckr\u0151l. A gyerekeket a feladatok v\u00e9grehajt\u00e1s\u00e1ban az iskola tanul\u00f3i seg\u00edtett\u00e9k. -Gurulni kellett, bukfencezni, a padokon m\u00e1szni \u00e9s \u00e1tmenni rajta. \u00c1tmenni a l\u00e1nyok alatt \u00e9s p\u00f6r\u00f6gni vel\u00fck, ut\u00e1na [&hellip;]<\/p>\n","protected":false},"author":2,"featured_media":0,"comment_status":"closed","ping_status":"closed","sticky":false,"template":"","format":"standard","meta":[],"categories":[9],"tags":[],"_links":{"self":[{"href":"http:\/\/archiv.szolnoktv.hu\/index.php?rest_route=\/wp\/v2\/posts\/8037"}],"collection":[{"href":"http:\/\/archiv.szolnoktv.hu\/index.php?rest_route=\/wp\/v2\/posts"}],"about":[{"href":"http:\/\/archiv.szolnoktv.hu\/index.php?rest_route=\/wp\/v2\/types\/post"}],"author":[{"embeddable":true,"href":"http:\/\/archiv.szolnoktv.hu\/index.php?rest_route=\/wp\/v2\/users\/2"}],"replies":[{"embeddable":true,"href":"http:\/\/archiv.szolnoktv.hu\/index.php?rest_route=%2Fwp%2Fv2%2Fcomments&post=8037"}],"version-history":[{"count":1,"href":"http:\/\/archiv.szolnoktv.hu\/index.php?rest_route=\/wp\/v2\/posts\/8037\/revisions"}],"predecessor-version":[{"id":8080,"href":"http:\/\/archiv.szolnoktv.hu\/index.php?rest_route=\/wp\/v2\/posts\/8037\/revisions\/8080"}],"wp:attachment":[{"href":"http:\/\/archiv.szolnoktv.hu\/index.php?rest_route=%2Fwp%2Fv2%2Fmedia&parent=8037"}],"wp:term":[{"taxonomy":"category","embeddable":true,"href":"http:\/\/archiv.szolnoktv.hu\/index.php?rest_route=%2Fwp%2Fv2%2Fcategories&post=8037"},{"taxonomy":"post_tag","embeddable":true,"href":"http:\/\/archiv.szolnoktv.hu\/index.php?rest_route=%2Fwp%2Fv2%2Ftags&post=8037"}],"curies":[{"name":"wp","href":"https:\/\/api.w.org\/{rel}","templated":true}]}}