{"id":8036,"date":"2018-01-24T16:43:25","date_gmt":"2018-01-24T16:43:25","guid":{"rendered":"http:\/\/archiv.szolnoktv.hu\/?p=8036"},"modified":"2021-08-13T18:02:27","modified_gmt":"2021-08-13T18:02:27","slug":"kip-program-a-szent-gyorgyiben","status":"publish","type":"post","link":"http:\/\/archiv.szolnoktv.hu\/?p=8036","title":{"rendered":"KIP program a Szent-Gy\u00f6rgyiben"},"content":{"rendered":"<div class='booster-block booster-read-block'><\/div><p>\u00d5 itt T\u00e1bori \u00c1d\u00e1m, az egyik legn\u00e9pszer\u0171bb hazai vlogger. Ez a felv\u00e9tel akkor k\u00e9sz\u00fclt,  amikor el\u0151sz\u00f6r l\u00e1togatott el a Szent-Gy\u00f6rgyi Albert \u00c1ltal\u00e1nos Iskol\u00e1ba abb\u00f3l a c\u00e9lb\u00f3l, hogy a vloggereked\u00e9s seg\u00edts\u00e9g\u00e9vel n\u00e9pszer\u0171s\u00edtse a digit\u00e1lis eszk\u00f6z\u00f6ket illetve azok haszn\u00e1lat\u00e1t. <br \/>A vloggerek hatalmas n\u00e9pszer\u0171s\u00e9gnek \u00f6rvendenek a gyerekek k\u00f6r\u00e9ben. Szinte alig akad olyan tanul\u00f3, akinek nincs legal\u00e1bb egy vlogger, akit k\u00f6vet. <\/p>\n<p>A Vodafone 2010-ben ind\u00edtotta el Digit\u00e1lis Iskola Programj\u00e1t, melynek legf\u0151bb c\u00e9lja, hogy egyenl\u0151 es\u00e9lyeket teremtsen a di\u00e1koknak a digit\u00e1lis kompetenci\u00e1k megszerz\u00e9s\u00e9hez.  Ennek r\u00e9szek\u00e9nt ind\u00edtott\u00e1k el 2017 \u0151sz\u00e9n a  Vlogger sulit. \u00d6tletgazd\u00e1ja pedig Bombera Krisztina, telev\u00edzi\u00f3s szerkeszt\u0151-m\u0171sorvezet\u0151. Kriszta \u00c1d\u00e1mmal egy\u00fctt minden iskol\u00e1ba elutazik, hogy egy\u00fctt n\u00e9pszer\u0171s\u00edts\u00e9k a digit\u00e1lis technik\u00e1t. <\/p>\n<p> &#8211; M\u00e1s dolgokat is fejleszt. Megjelen\u00e9st, kifejez\u00e9st, vizu\u00e1lis \u00e9s digit\u00e1lis kult\u00far\u00e1t, fogyaszt\u00f3i tudatoss\u00e1got, szuver\u00e9n gondolkod\u00e1st. Csom\u00f3 mindent, ami fontosabb is mint a vloggerked\u00e9s. &#8211; &#8211; mondta Bombera Kriszta. <\/p>\n<p>A Szent-Gy\u00f6rgyi p\u00e1r \u00e9ve csatlakozott a programhoz, az\u00f3ta t\u00f6bb esem\u00e9nyt  is szerveztek az iskol\u00e1ban. <\/p>\n<p> A c\u00e9g t\u00f6bbsz\u00f6r t\u00e1mogatta a Szent-Gy\u00f6rgyit. 95 tabletet kaptak, valamint \u00f6nk\u00e9ntes munka keret\u00e9ben \u00e1tfestett\u00e9k az udvari j\u00e1t\u00e9kokat \u00e9s a Kresz-parkot. A program 25 iskol\u00e1t, \u00f6sszesen 6424 di\u00e1kot \u00e9s 690 pedag\u00f3gust \u00e9rint.\u00a0 <\/p>\n<div style=\"width: 640px;\" class=\"wp-video\"><!--[if lt IE 9]><script>document.createElement('video');<\/script><![endif]-->\n<video class=\"wp-video-shortcode\" id=\"video-8036-1\" width=\"640\" height=\"360\" preload=\"metadata\" controls=\"controls\"><source type=\"video\/mp4\" src=\"\/spots\/hir\/hir_180124_02.mp4?_=1\" \/><a href=\"\/spots\/hir\/hir_180124_02.mp4\">\/spots\/hir\/hir_180124_02.mp4<\/a><\/video><\/div>\n","protected":false},"excerpt":{"rendered":"<p>\u00d5 itt T\u00e1bori \u00c1d\u00e1m, az egyik legn\u00e9pszer\u0171bb hazai vlogger. Ez a felv\u00e9tel akkor k\u00e9sz\u00fclt, amikor el\u0151sz\u00f6r l\u00e1togatott el a Szent-Gy\u00f6rgyi Albert \u00c1ltal\u00e1nos Iskol\u00e1ba abb\u00f3l a c\u00e9lb\u00f3l, hogy a vloggereked\u00e9s seg\u00edts\u00e9g\u00e9vel n\u00e9pszer\u0171s\u00edtse a digit\u00e1lis eszk\u00f6z\u00f6ket illetve azok haszn\u00e1lat\u00e1t. A vloggerek hatalmas n\u00e9pszer\u0171s\u00e9gnek \u00f6rvendenek a gyerekek k\u00f6r\u00e9ben. Szinte alig akad olyan tanul\u00f3, akinek nincs legal\u00e1bb egy vlogger, [&hellip;]<\/p>\n","protected":false},"author":2,"featured_media":0,"comment_status":"closed","ping_status":"closed","sticky":false,"template":"","format":"standard","meta":[],"categories":[9],"tags":[],"_links":{"self":[{"href":"http:\/\/archiv.szolnoktv.hu\/index.php?rest_route=\/wp\/v2\/posts\/8036"}],"collection":[{"href":"http:\/\/archiv.szolnoktv.hu\/index.php?rest_route=\/wp\/v2\/posts"}],"about":[{"href":"http:\/\/archiv.szolnoktv.hu\/index.php?rest_route=\/wp\/v2\/types\/post"}],"author":[{"embeddable":true,"href":"http:\/\/archiv.szolnoktv.hu\/index.php?rest_route=\/wp\/v2\/users\/2"}],"replies":[{"embeddable":true,"href":"http:\/\/archiv.szolnoktv.hu\/index.php?rest_route=%2Fwp%2Fv2%2Fcomments&post=8036"}],"version-history":[{"count":1,"href":"http:\/\/archiv.szolnoktv.hu\/index.php?rest_route=\/wp\/v2\/posts\/8036\/revisions"}],"predecessor-version":[{"id":8081,"href":"http:\/\/archiv.szolnoktv.hu\/index.php?rest_route=\/wp\/v2\/posts\/8036\/revisions\/8081"}],"wp:attachment":[{"href":"http:\/\/archiv.szolnoktv.hu\/index.php?rest_route=%2Fwp%2Fv2%2Fmedia&parent=8036"}],"wp:term":[{"taxonomy":"category","embeddable":true,"href":"http:\/\/archiv.szolnoktv.hu\/index.php?rest_route=%2Fwp%2Fv2%2Fcategories&post=8036"},{"taxonomy":"post_tag","embeddable":true,"href":"http:\/\/archiv.szolnoktv.hu\/index.php?rest_route=%2Fwp%2Fv2%2Ftags&post=8036"}],"curies":[{"name":"wp","href":"https:\/\/api.w.org\/{rel}","templated":true}]}}