{"id":8034,"date":"2018-01-23T18:12:11","date_gmt":"2018-01-23T18:12:11","guid":{"rendered":"http:\/\/archiv.szolnoktv.hu\/?p=8034"},"modified":"2021-08-13T18:02:27","modified_gmt":"2021-08-13T18:02:27","slug":"szoftverbemutato-a-liget-uti-iskolaban","status":"publish","type":"post","link":"http:\/\/archiv.szolnoktv.hu\/?p=8034","title":{"rendered":"Szoftverbemutat\u00f3 a Liget \u00fati iskol\u00e1ban"},"content":{"rendered":"<div class='booster-block booster-read-block'><\/div><p>Magyar nyelv\u0171, n\u0151i hang\u00fa besz\u00e9dszintetiz\u00e1tor seg\u00edts\u00e9g\u00e9vel sz\u00f3laltathat\u00f3k meg a felhaszn\u00e1l\u00f3 \u00fczenetei, gondolatai, \u00e9rz\u00e9sei. A k\u00f6nnyen felismerhet\u0151 rajzos \u00e1br\u00e1k kiv\u00e1laszt\u00e1s\u00e1val a program haszn\u00e1l\u00f3ja k\u00e9pess\u00e9 v\u00e1lik a kommunik\u00e1ci\u00f3ra. <br \/>A Verbalio nevet kap\u00f3 szoftver fejleszt\u0151je Zsombori Bal\u00e1zs, aki jelenleg a Budapesti M\u0171szaki Egyetem informatika szakos hallgat\u00f3ja.  2013 \u00f3ta foglalkozik seg\u00edt\u0151 szoftverek l\u00e9trehoz\u00e1s\u00e1val. Els\u0151 sikeres term\u00e9ke a PictoVerb, melyet t\u00f6bb ezren haszn\u00e1lnak. <\/p>\n<p>-Az \u00f6tlet oda ny\u00falik vissza, hogy m\u00e9g k\u00f6z\u00e9piskol\u00e1sk\u00e9nt az egyik ismer\u0151s\u00f6m t\u00f6rt\u00e9net\u00e9t hallottam, aki betegs\u00e9g k\u00f6vetkezt\u00e9ben elvesz\u00edtette a besz\u00e9dk\u00e9szs\u00e9g\u00e9t, megpr\u00f3b\u00e1ltam neki egy t\u00e1blag\u00e9peken el\u00e9rhet\u0151 alkalmaz\u00e1st szerkeszteni. Ezzel val\u00f3ban siker\u00e9lm\u00e9nye lett.&#8221; &#8211; mondta Zsombor Bal\u00e1zs.  <\/p>\n<p> Els\u0151 term\u00e9k\u00e9\u00e9rt Bal\u00e1zs megkapta Magyar Innov\u00e1ci\u00f3s Nagyd\u00edjat \u00e9s szinte azonnal h\u00edre ment munk\u00e1j\u00e1nak. T\u00f6bb ezer csal\u00e1d \u00e9s sz\u00e1mos gy\u00f3gypedag\u00f3giai int\u00e9zet kereste meg \u00e9s t\u00f6lt\u00f6tte le a szoftvert.  A Liget \u00fati iskol\u00e1ban ma els\u0151k\u00e9nt a sz\u00fcl\u0151knek mutatt\u00e1k be a programot. <\/p>\n<p>-16 \u00e9ves l\u00e1nyom van \u00e9s nem besz\u00e9l, de kommunik\u00e1l. Nagyon szereti a sz\u00e1m\u00edt\u00f3g\u00e9pet. Az\u00e9rt j\u00f6ttem el, hogy ezt a kommunik\u00e1ci\u00f3t megismerhessem. Ez\u00e1ltal a l\u00e1nyom is nyitottabb lenne, \u00e9s t\u00f6bb emberrel tudnak kommunik\u00e1lni. \u00c9s kifejezni az \u00e9rz\u00e9seit. &#8211; &#8211; mondta D\u00f3ra Hajnalka, \u00e9desanya. <\/p>\n<p>A szoftver azoknak seg\u00edt, akik k\u00f6zlend\u0151j\u00fcket k\u00e9pekkel tudj\u00e1k kifejezni. A programot \u00e9letkort\u00f3l f\u00fcggetlen\u00fcl haszn\u00e1lhatj\u00e1k mindazok, akiknek besz\u00e9dfejl\u0151d\u00e9se nem indult be, vagy elakadt, illetve akik betegs\u00e9g, vagy trauma k\u00f6vetkezt\u00e9ben vesztett\u00e9k el besz\u00e9dk\u00e9szs\u00e9g\u00fcket. <\/p>\n<p>&#8211; Szakemberk\u00e9nt azt tudom mondani, hogy egyre ink\u00e1bb n\u00f6vekszik azoknak a gyerekeknek a sz\u00e1ma, akik nem vagy r\u00e9szleges form\u00e1ban haszn\u00e1lj\u00e1k az els\u0151dleges kommunik\u00e1ci\u00f3t a besz\u00e9det. \u00dagyhogy ez \u00f3ri\u00e1si \u00e1tt\u00f6r\u00e9s lenne. &#8211; &#8211; tette hozz\u00e1  B\u00f3ka Barbara, gy\u00f3gypedag\u00f3gus.<\/p>\n<p>A program  androidos t\u00e1blag\u00e9peken \u00e9s okostelefonokon haszn\u00e1lhat\u00f3. Zsombor Bal\u00e1zs elmondta: a t\u00f6bb ezer csal\u00e1don seg\u00edt\u0151 szoftvert szeretn\u00e9 tov\u00e1bb fejleszteni \u00e9s min\u00e9l t\u00f6bb besz\u00e9lni k\u00e9ptelen felhaszn\u00e1l\u00f3hoz eljuttatni. <\/p>\n<div style=\"width: 640px;\" class=\"wp-video\"><!--[if lt IE 9]><script>document.createElement('video');<\/script><![endif]-->\n<video class=\"wp-video-shortcode\" id=\"video-8034-1\" width=\"640\" height=\"360\" preload=\"metadata\" controls=\"controls\"><source type=\"video\/mp4\" src=\"\/spots\/hir\/hir_180123_05.mp4?_=1\" \/><a href=\"\/spots\/hir\/hir_180123_05.mp4\">\/spots\/hir\/hir_180123_05.mp4<\/a><\/video><\/div>\n","protected":false},"excerpt":{"rendered":"<p>Magyar nyelv\u0171, n\u0151i hang\u00fa besz\u00e9dszintetiz\u00e1tor seg\u00edts\u00e9g\u00e9vel sz\u00f3laltathat\u00f3k meg a felhaszn\u00e1l\u00f3 \u00fczenetei, gondolatai, \u00e9rz\u00e9sei. A k\u00f6nnyen felismerhet\u0151 rajzos \u00e1br\u00e1k kiv\u00e1laszt\u00e1s\u00e1val a program haszn\u00e1l\u00f3ja k\u00e9pess\u00e9 v\u00e1lik a kommunik\u00e1ci\u00f3ra. A Verbalio nevet kap\u00f3 szoftver fejleszt\u0151je Zsombori Bal\u00e1zs, aki jelenleg a Budapesti M\u0171szaki Egyetem informatika szakos hallgat\u00f3ja. 2013 \u00f3ta foglalkozik seg\u00edt\u0151 szoftverek l\u00e9trehoz\u00e1s\u00e1val. Els\u0151 sikeres term\u00e9ke a PictoVerb, melyet [&hellip;]<\/p>\n","protected":false},"author":2,"featured_media":0,"comment_status":"closed","ping_status":"closed","sticky":false,"template":"","format":"standard","meta":[],"categories":[9],"tags":[],"_links":{"self":[{"href":"http:\/\/archiv.szolnoktv.hu\/index.php?rest_route=\/wp\/v2\/posts\/8034"}],"collection":[{"href":"http:\/\/archiv.szolnoktv.hu\/index.php?rest_route=\/wp\/v2\/posts"}],"about":[{"href":"http:\/\/archiv.szolnoktv.hu\/index.php?rest_route=\/wp\/v2\/types\/post"}],"author":[{"embeddable":true,"href":"http:\/\/archiv.szolnoktv.hu\/index.php?rest_route=\/wp\/v2\/users\/2"}],"replies":[{"embeddable":true,"href":"http:\/\/archiv.szolnoktv.hu\/index.php?rest_route=%2Fwp%2Fv2%2Fcomments&post=8034"}],"version-history":[{"count":1,"href":"http:\/\/archiv.szolnoktv.hu\/index.php?rest_route=\/wp\/v2\/posts\/8034\/revisions"}],"predecessor-version":[{"id":8083,"href":"http:\/\/archiv.szolnoktv.hu\/index.php?rest_route=\/wp\/v2\/posts\/8034\/revisions\/8083"}],"wp:attachment":[{"href":"http:\/\/archiv.szolnoktv.hu\/index.php?rest_route=%2Fwp%2Fv2%2Fmedia&parent=8034"}],"wp:term":[{"taxonomy":"category","embeddable":true,"href":"http:\/\/archiv.szolnoktv.hu\/index.php?rest_route=%2Fwp%2Fv2%2Fcategories&post=8034"},{"taxonomy":"post_tag","embeddable":true,"href":"http:\/\/archiv.szolnoktv.hu\/index.php?rest_route=%2Fwp%2Fv2%2Ftags&post=8034"}],"curies":[{"name":"wp","href":"https:\/\/api.w.org\/{rel}","templated":true}]}}