{"id":8033,"date":"2018-01-23T18:10:51","date_gmt":"2018-01-23T18:10:51","guid":{"rendered":"http:\/\/archiv.szolnoktv.hu\/?p=8033"},"modified":"2021-08-13T18:02:27","modified_gmt":"2021-08-13T18:02:27","slug":"oktatasi-kulturalis-es-ifjusagi-bizottsag-2","status":"publish","type":"post","link":"http:\/\/archiv.szolnoktv.hu\/?p=8033","title":{"rendered":"Oktat\u00e1si, Kultur\u00e1lis \u00e9s Ifj\u00fas\u00e1gi Bizotts\u00e1g"},"content":{"rendered":"<div class='booster-block booster-read-block'><\/div><p>Spanyolorsz\u00e1gb\u00f3l, Horv\u00e1torsz\u00e1gb\u00f3l, Bulg\u00e1ri\u00e1b\u00f3l, de Marosv\u00e1s\u00e1rhelyr\u0151l is \u00e9rkezik deleg\u00e1ci\u00f3 Szolnokra febru\u00e1r 27-\u00e9n az EuroPoly projekt keret\u00e9ben. A p\u00e1ly\u00e1zat c\u00e9lja az eur\u00f3pai uni\u00f3s tudatoss\u00e1g n\u00f6vel\u00e9se, illetve harc az euroszkepticizmus ellen. Az els\u0151 tal\u00e1lkoz\u00f3nak tavaly Szlov\u00e9nia adott otthont. <\/p>\n<p>-Az egyik el\u0151terjeszt\u00e9s\u00fcnk az EUROPOLY rendezv\u00e9nyr\u0151l fog sz\u00f3lni. Sz\u00e1mos szolnoki fiatal j\u00e1rt a Velenje nev\u0171 szlov\u00e9niai telep\u00fcl\u00e9sen. Ezen a tal\u00e1lkoz\u00f3n sz\u00e1mos fiatal vett r\u00e9szt, ahol k\u00fcl\u00f6nb\u00f6z\u0151 az Eur\u00f3pai Uni\u00f3t \u00e9rint\u0151 k\u00e9rd\u00e9seket vitattak meg. A fiatalok most Szolnokra fognak l\u00e1togatni.&#8221;- mondta az Oktat\u00e1si, Kultur\u00e1lis \u00e9s Ifj\u00fas\u00e1gi Bizotts\u00e1g eln\u00f6ke.<\/p>\n<p>A nemzetk\u00f6zi programban 8 partner vesz r\u00e9szt 7 orsz\u00e1gb\u00f3l. A m\u00e1sf\u00e9l \u00e9ves projekt c\u00e9lk\u00f6z\u00f6ns\u00e9ge a 18 \u00e9s 30 \u00e9v k\u00f6z\u00f6tti fiatalok. A 3 napos szolnoki tal\u00e1lkoz\u00f3n szakmai workshopokon, \u00e9s kultur\u00e1lis rendezv\u00e9nyek egyar\u00e1nt lesznek. <\/p>\n<p>-Febru\u00e1rban fognak itt tan\u00e1cskozni Szolnokon. Az itteni t\u00e9ma az a szolidarit\u00e1s. A szolidarit\u00e1s, mint az Eur\u00f3pai Uni\u00f3 egyre mark\u00e1nsabban felmer\u00fcl\u0151 k\u00e9rd\u00e9s lesz majd.&#8221;- tette hozz\u00e1 a bizotts\u00e1g eln\u00f6ke. <\/p>\n<p>A projekt v\u00e9g\u00e9n a partner tagoknak rendhagy\u00f3 j\u00e1t\u00e9kos programot szerveznek amely az uni\u00f3s int\u00e9zm\u00e9nyek m\u0171k\u00f6d\u00e9s\u00e9t sz\u00ednh\u00e1zi, illetve zenei produkci\u00f3k keret\u00e9ben mutatja be.- emelte ki Falusi Vajk az Oktat\u00e1si, Kultur\u00e1lis \u00e9s Ifj\u00fas\u00e1gi Bizotts\u00e1g mai \u00fcl\u00e9s\u00e9n.<br \/>\n<br \/>\n<div style=\"width: 640px;\" class=\"wp-video\"><!--[if lt IE 9]><script>document.createElement('video');<\/script><![endif]-->\n<video class=\"wp-video-shortcode\" id=\"video-8033-1\" width=\"640\" height=\"360\" preload=\"metadata\" controls=\"controls\"><source type=\"video\/mp4\" src=\"\/spots\/hir\/hir_180123_06.mp4?_=1\" \/><a href=\"\/spots\/hir\/hir_180123_06.mp4\">\/spots\/hir\/hir_180123_06.mp4<\/a><\/video><\/div><\/p>\n","protected":false},"excerpt":{"rendered":"<p>Spanyolorsz\u00e1gb\u00f3l, Horv\u00e1torsz\u00e1gb\u00f3l, Bulg\u00e1ri\u00e1b\u00f3l, de Marosv\u00e1s\u00e1rhelyr\u0151l is \u00e9rkezik deleg\u00e1ci\u00f3 Szolnokra febru\u00e1r 27-\u00e9n az EuroPoly projekt keret\u00e9ben. A p\u00e1ly\u00e1zat c\u00e9lja az eur\u00f3pai uni\u00f3s tudatoss\u00e1g n\u00f6vel\u00e9se, illetve harc az euroszkepticizmus ellen. Az els\u0151 tal\u00e1lkoz\u00f3nak tavaly Szlov\u00e9nia adott otthont. -Az egyik el\u0151terjeszt\u00e9s\u00fcnk az EUROPOLY rendezv\u00e9nyr\u0151l fog sz\u00f3lni. Sz\u00e1mos szolnoki fiatal j\u00e1rt a Velenje nev\u0171 szlov\u00e9niai telep\u00fcl\u00e9sen. Ezen a tal\u00e1lkoz\u00f3n [&hellip;]<\/p>\n","protected":false},"author":2,"featured_media":0,"comment_status":"closed","ping_status":"closed","sticky":false,"template":"","format":"standard","meta":[],"categories":[9],"tags":[],"_links":{"self":[{"href":"http:\/\/archiv.szolnoktv.hu\/index.php?rest_route=\/wp\/v2\/posts\/8033"}],"collection":[{"href":"http:\/\/archiv.szolnoktv.hu\/index.php?rest_route=\/wp\/v2\/posts"}],"about":[{"href":"http:\/\/archiv.szolnoktv.hu\/index.php?rest_route=\/wp\/v2\/types\/post"}],"author":[{"embeddable":true,"href":"http:\/\/archiv.szolnoktv.hu\/index.php?rest_route=\/wp\/v2\/users\/2"}],"replies":[{"embeddable":true,"href":"http:\/\/archiv.szolnoktv.hu\/index.php?rest_route=%2Fwp%2Fv2%2Fcomments&post=8033"}],"version-history":[{"count":1,"href":"http:\/\/archiv.szolnoktv.hu\/index.php?rest_route=\/wp\/v2\/posts\/8033\/revisions"}],"predecessor-version":[{"id":8084,"href":"http:\/\/archiv.szolnoktv.hu\/index.php?rest_route=\/wp\/v2\/posts\/8033\/revisions\/8084"}],"wp:attachment":[{"href":"http:\/\/archiv.szolnoktv.hu\/index.php?rest_route=%2Fwp%2Fv2%2Fmedia&parent=8033"}],"wp:term":[{"taxonomy":"category","embeddable":true,"href":"http:\/\/archiv.szolnoktv.hu\/index.php?rest_route=%2Fwp%2Fv2%2Fcategories&post=8033"},{"taxonomy":"post_tag","embeddable":true,"href":"http:\/\/archiv.szolnoktv.hu\/index.php?rest_route=%2Fwp%2Fv2%2Ftags&post=8033"}],"curies":[{"name":"wp","href":"https:\/\/api.w.org\/{rel}","templated":true}]}}