{"id":8032,"date":"2018-01-23T15:49:07","date_gmt":"2018-01-23T15:49:07","guid":{"rendered":"http:\/\/archiv.szolnoktv.hu\/?p=8032"},"modified":"2021-08-13T18:02:27","modified_gmt":"2021-08-13T18:02:27","slug":"dijatadoval-unnepeltek-a-magyar-kultura-napjat-szolnokon","status":"publish","type":"post","link":"http:\/\/archiv.szolnoktv.hu\/?p=8032","title":{"rendered":"D\u00edj\u00e1tad\u00f3val \u00fcnnepelt\u00e9k a Magyar kult\u00fara napj\u00e1t Szolnokon"},"content":{"rendered":"<div class='booster-block booster-read-block'><\/div><p>A Bart\u00f3k B\u00e9la Kamarak\u00f3russal k\u00f6z\u00f6sen \u00e9nekelte tegnap este mindenki Erkel Ferenc dallam\u00e1ra K\u00f6lcsey Ferenc sorait. A Himnusz k\u00e9zirat\u00e1t 1823-ban tiszt\u00e1zta le K\u00f6lcsey Ferenc. Az esem\u00e9nynek 1989 janu\u00e1r 22 \u00f3ta \u00e1ll\u00edt eml\u00e9ket a Magyar kult\u00fara napja. Nemzeti \u00e9nek\u00fcnket magyars\u00e1g tudatunkat, \u00f6sszetartoz\u00e1sunkat \u00e9s kult\u00far\u00e1nkat er\u0151s\u00edti. <\/p>\n<p>-A magyar kult\u00far\u00e1nk, hagyom\u00e1nyunk meg\u0151rz\u00e9se nemzet\u00fcnk egyik legfontosabb \u00e9rdeke. Nagyon fontos feladatunk teh\u00e1t, hogy a fiatalok megismerj\u00e9k a magyar kult\u00fara \u00e9s a m\u0171vel\u0151d\u00e9s legfontosabb \u00e9rt\u00e9keit, tov\u00e1bb m\u0171velj\u00e9k azt, \u00e9lj\u00e9k meg \u00e9s legyenek akt\u00edv r\u00e9szesei.&#8221;- mondta Dr. K\u00e1llai M\u00e1ria megyei korm\u00e1nymegb\u00edzott. <\/p>\n<p>A megyesz\u00e9khely legrangosabb a kultur\u00e1lis elismer\u00e9s\u00e9t, a Kaposv\u00e1ri Gyula-d\u00edjat Dr. Egri M\u00e1ria m\u0171v\u00e9szett\u00f6rt\u00e9n\u00e9sz \u00e9s Farkas Ir\u00e9n a Szolnoki Szigligeti Sz\u00ednh\u00e1z m\u0171v\u00e9szeti titk\u00e1ra kapta. A pedag\u00f3gusok munk\u00e1j\u00e1t a v\u00e1ros a Szurmay Ern\u0151-d\u00edjjal ismeri el. Tegnap este Almain\u00e9 Szab\u00f3 Gabriella a Tiszaparti R\u00f3mai Katolikus \u00c1ltal\u00e1nos Iskola \u00e9s Gimn\u00e1zium matematika \u00e9s \u00e9nekszakos tan\u00e1ra, fejleszt\u0151 pedag\u00f3gusa \u00e9s karnagya, Balasi Bernadettet a Fiumei \u00dati \u00c1ltal\u00e1nos Iskola als\u00f3s int\u00e9zm\u00e9nyvezet\u0151- helyettese, Hoffer K\u00e1roly a Szandasz\u0151l\u0151si \u00c1ltal\u00e1nos Iskola n\u00e9pt\u00e1nc-pedag\u00f3gusa, Laz\u00e1nyi J\u00f3zsefn\u00e9 f\u00f6ldrajz-testnevel\u00e9s-gy\u00f3gytestnevel\u00e9s szakos pedag\u00f3gus, a Verseghy Ferenc Gimn\u00e1zium tantest\u00fclet\u00e9nek meghat\u00e1roz\u00f3 tagja P\u00e9csin\u00e9 R\u00f6hri Zsuzsanna, Varg\u00e1n\u00e9 Kozma Edit a Szolnoki Szolg\u00e1ltat\u00e1si SZC Ruhaipari K\u00f6z\u00e9piskol\u00e1j\u00e1nak \u00c1ltal\u00e1nos Iskol\u00e1j\u00e1nak \u00e9s Koll\u00e9gium\u00e1nak tagint\u00e9zm\u00e9ny-vezet\u0151 helyettese, illetve Versegi Ildik\u00f3 \u00f3vodapedag\u00f3gus r\u00e9szes\u00fclt az elismer\u00e9sben. Cz\u00e9g\u00e9ny Istv\u00e1nn\u00e9 a megyei Lev\u00e9lt\u00e1rban v\u00e9gzett kiemelked\u0151, tudom\u00e1nyos munk\u00e1j\u00e1\u00e9rt Laki K\u00e1lm\u00e1n-d\u00edjat vehetett \u00e1t. Az \u00fcnneps\u00e9gen az 59 \u00e9ves kor\u00e1ban, tragikus hirtelens\u00e9ggel elhunyt Czanek K\u00e1lm\u00e1n  r\u00f6plabda sport ter\u00fclet\u00e9n ny\u00fajtott munk\u00e1j\u00e1t a Szolnok Posztumusz Sport D\u00edjjal ismert\u00e9k el. Szolnok V\u00e1ros Sportj\u00e1\u00e9rt D\u00edjban r\u00e9szes\u00fclt Bencsik P\u00e1l a Sportiskola atl\u00e9tika szakoszt\u00e1ly\u00e1nak edz\u0151je \u00e9s Dr. Nyergesn\u00e9 Dr. Farkas Gabriella a K\u00f6zg\u00e9p SE Szolnoki Kajak-Kenu Klub vezet\u0151je. A Tiszavir\u00e1g Turisztikai D\u00edjat id\u00e9n a Szolnoki Sportcentrum Nonprofit Kft. dolgoz\u00f3 k\u00f6z\u00f6ss\u00e9g\u00e9nek szavazt\u00e1k meg. A 2000-ben alap\u00edtott Rotary Mec\u00e9n\u00e1s-d\u00edjat az ACDC Logisztikai Park Zrt. kapta. A B\u00e9res-d\u00edj Szolnok Kult\u00far\u00e1j\u00e1\u00e9rt elismer\u00e9st Hoffer K\u00e1roly vehette \u00e1t. A Szolnok\u00e9rt Eml\u00e9k\u00e9rmet a Magyar kult\u00fara napj\u00e1n a Tisza Sz\u00e1ll\u00f3 egykori f\u0151cukr\u00e1sz\u00e1nak Kov\u00e1cs G\u00e1bornak adt\u00e1k \u00e1t.<\/p>\n<div style=\"width: 640px;\" class=\"wp-video\"><!--[if lt IE 9]><script>document.createElement('video');<\/script><![endif]-->\n<video class=\"wp-video-shortcode\" id=\"video-8032-1\" width=\"640\" height=\"360\" preload=\"metadata\" controls=\"controls\"><source type=\"video\/mp4\" src=\"\/spots\/hir\/hir_180123_02.mp4?_=1\" \/><a href=\"\/spots\/hir\/hir_180123_02.mp4\">\/spots\/hir\/hir_180123_02.mp4<\/a><\/video><\/div>\n","protected":false},"excerpt":{"rendered":"<p>A Bart\u00f3k B\u00e9la Kamarak\u00f3russal k\u00f6z\u00f6sen \u00e9nekelte tegnap este mindenki Erkel Ferenc dallam\u00e1ra K\u00f6lcsey Ferenc sorait. A Himnusz k\u00e9zirat\u00e1t 1823-ban tiszt\u00e1zta le K\u00f6lcsey Ferenc. Az esem\u00e9nynek 1989 janu\u00e1r 22 \u00f3ta \u00e1ll\u00edt eml\u00e9ket a Magyar kult\u00fara napja. Nemzeti \u00e9nek\u00fcnket magyars\u00e1g tudatunkat, \u00f6sszetartoz\u00e1sunkat \u00e9s kult\u00far\u00e1nkat er\u0151s\u00edti. -A magyar kult\u00far\u00e1nk, hagyom\u00e1nyunk meg\u0151rz\u00e9se nemzet\u00fcnk egyik legfontosabb \u00e9rdeke. Nagyon fontos feladatunk [&hellip;]<\/p>\n","protected":false},"author":2,"featured_media":0,"comment_status":"closed","ping_status":"closed","sticky":false,"template":"","format":"standard","meta":[],"categories":[9],"tags":[],"_links":{"self":[{"href":"http:\/\/archiv.szolnoktv.hu\/index.php?rest_route=\/wp\/v2\/posts\/8032"}],"collection":[{"href":"http:\/\/archiv.szolnoktv.hu\/index.php?rest_route=\/wp\/v2\/posts"}],"about":[{"href":"http:\/\/archiv.szolnoktv.hu\/index.php?rest_route=\/wp\/v2\/types\/post"}],"author":[{"embeddable":true,"href":"http:\/\/archiv.szolnoktv.hu\/index.php?rest_route=\/wp\/v2\/users\/2"}],"replies":[{"embeddable":true,"href":"http:\/\/archiv.szolnoktv.hu\/index.php?rest_route=%2Fwp%2Fv2%2Fcomments&post=8032"}],"version-history":[{"count":1,"href":"http:\/\/archiv.szolnoktv.hu\/index.php?rest_route=\/wp\/v2\/posts\/8032\/revisions"}],"predecessor-version":[{"id":8085,"href":"http:\/\/archiv.szolnoktv.hu\/index.php?rest_route=\/wp\/v2\/posts\/8032\/revisions\/8085"}],"wp:attachment":[{"href":"http:\/\/archiv.szolnoktv.hu\/index.php?rest_route=%2Fwp%2Fv2%2Fmedia&parent=8032"}],"wp:term":[{"taxonomy":"category","embeddable":true,"href":"http:\/\/archiv.szolnoktv.hu\/index.php?rest_route=%2Fwp%2Fv2%2Fcategories&post=8032"},{"taxonomy":"post_tag","embeddable":true,"href":"http:\/\/archiv.szolnoktv.hu\/index.php?rest_route=%2Fwp%2Fv2%2Ftags&post=8032"}],"curies":[{"name":"wp","href":"https:\/\/api.w.org\/{rel}","templated":true}]}}