{"id":8031,"date":"2018-01-23T15:11:07","date_gmt":"2018-01-23T15:11:07","guid":{"rendered":"http:\/\/archiv.szolnoktv.hu\/?p=8031"},"modified":"2021-08-13T18:02:27","modified_gmt":"2021-08-13T18:02:27","slug":"szurmay-erno-emlekkiallitas","status":"publish","type":"post","link":"http:\/\/archiv.szolnoktv.hu\/?p=8031","title":{"rendered":"Szurmay Ern\u0151 eml\u00e9kki\u00e1ll\u00edt\u00e1s"},"content":{"rendered":"<div class='booster-block booster-read-block'><\/div><p>-Egyszer\u0171 volt, k\u00f6vetend\u0151 minta, pedag\u00f3gusoknak, irodalm\u00e1roknak, k\u00f6nyvt\u00e1rosoknak \u00e9s mindenkinek, aki itt \u00e9lt Szolnokon, a Tisza partj\u00e1n.&#8221; &#8211; <br \/>Ezekkel a szavakkal nyitotta meg p\u00e9ntek este Szab\u00f3 Istv\u00e1n alpolg\u00e1rmester a Szurmay Ern\u0151 eml\u00e9kki\u00e1ll\u00edt\u00e1st. A szolnoki sz\u00fclet\u00e9s\u0171 pedag\u00f3gus, 1970-ben lett a Verseghy Ferenc K\u00f6nyvt\u00e1r igazgat\u00f3ja. Nyugd\u00edjba vonul\u00e1s\u00e1ig, 1984-ig vezette az int\u00e9zm\u00e9nyt. Az \u0151 \u00e9gisze alatt hozt\u00e1k l\u00e9tre a Pedag\u00f3giai K\u00f6nyvt\u00e1rat \u00e9s Szolg\u00e1latot. Egy \u00e9vvel k\u00e9s\u0151bb pedig \u0151 ind\u00edtotta el a debreceni Tan\u00edt\u00f3k\u00e9pz\u0151 Int\u00e9zet n\u00e9pm\u0171vel\u0151-k\u00f6nyvt\u00e1ros szak\u00e1nak kihelyezett tagozat\u00e1t. A Verseghy Ferenc K\u00f6nyvt\u00e1r m\u00f3dszertani kiadv\u00e1ny, az Egy\u00fctt c\u00edm\u0171 foly\u00f3irat alap\u00edt\u00e1sa is a nev\u00e9hez f\u0171z\u0151dik, amely a megyei k\u00f6nyvt\u00e1ri h\u00e1l\u00f3zat ki\u00e9p\u00edt\u00e9s\u00e9nek m\u00e9rf\u00f6ldk\u00f6ve volt. 1993-ban alap\u00edtotta meg a Magyar Irodalomt\u00f6rt\u00e9neti T\u00e1rsas\u00e1g helyi szervezet\u00e9t \u00e9s a szolnoki Verseghy-k\u00f6rt. Mindezek mellett Verseghy Ferenc \u00e9letm\u0171v\u00e9nek orsz\u00e1gos h\u00edr\u0171 kutat\u00f3ja volt. <\/p>\n<p>-Az \u0151 nev\u00e9hez f\u0171z\u0151dik az eg\u00e9sz Verseghy-kultusz megteremt\u00e9se, itt Szolnokon. Teh\u00e1t \u0151 az, aki felfedezte, \u00fajra felfedezte Verseghy munk\u00e1ss\u00e1g\u00e1t \u00e9s behozta \u00fajra a k\u00f6ztudatba, illetve egy olyan irodalmi, szellemi \u00e9letet h\u00edvott \u00e9ltre, a minek az \u00f3ta sincs p\u00e1rja.&#8221; -nyilatkozta Czak\u00f3n\u00e9 Gacov Katalin, a Verseghy Ferenc K\u00f6nyvt\u00e1r \u00e9s K\u00f6zm\u0171vel\u0151d\u00e9si Int\u00e9zm\u00e9ny igazgat\u00f3ja.<\/p>\n<p>A 2016-ban elhunyt pedag\u00f3gus tisztelet\u00e9re nyitott ki\u00e1ll\u00edt\u00e1son l\u00e1nya, Zsuzsanna is r\u00e9szt vett. Arra a k\u00e9rd\u00e9sre, hogy \u00c9desapja \u00e9letm\u0171ve, munk\u00e1ss\u00e1ga milyen \u00fczenetet k\u00f6zvet\u00edt a szolnokiak fel\u00e9, \u00edgy felelt:<\/p>\n<p>-Meg kell tanulni szeretni azt a v\u00e1rost, azt a k\u00f6rnyezetet, a k\u00f6rny\u00e9ket  &#8211;   ak\u00e1r J\u00e1sz-Nagykun megy\u00e9t, hogy tudjunk vele egy\u00fctt l\u00e9legezni, \u00e9lni \u00e9s apa ezt belepl\u00e1nt\u00e1lta az \u0151 \u00e1ltala felnevelt nemzed\u00e9kbe, \u00fagy, ahogy bel\u00e9m is. \u00c9s azt, hogy mindig pr\u00f3b\u00e1ljunk meg tenni a v\u00e1rosunk\u00e9rt. Ne v\u00e1rjunk el mindig csereber\u00e9t. Nem mindig az\u00e9rt kell cselekedni, hogy anyagi javunk legyen bel\u0151le, hanem \u00fagy kell cselekedni, hogy az mindig sz\u00edvb\u0151l j\u00f6jj\u00f6n, ahogy ap\u00e1n\u00e1l is ez mindig sz\u00edvb\u0151l j\u00f6tt.&#8221;<\/p>\n<p>Szakmai \u00e9s k\u00f6z\u00f6ss\u00e9gi munk\u00e1j\u00e1t sz\u00e1mos d\u00edjjal elismert\u00e9k. 2008-ban Szolnok d\u00edszpolg\u00e1r\u00e1v\u00e1 avatt\u00e1k. Eml\u00e9ke el\u0151tt tisztelegve 2016 \u0151sz\u00e9n, Szolnok Megyei Jog\u00fa V\u00e1ros pedag\u00f3giai d\u00edj\u00e1t Szurmay Ern\u0151r\u0151l nevezte el. Eml\u00e9kt\u00e1bl\u00e1j\u00e1t 2017. janu\u00e1r 20-\u00e1n leplezte le a szolnoki Pantheonba. A Szurmay eml\u00e9kki\u00e1ll\u00edt\u00e1s a megszokott\u00f3l elt\u00e9r\u0151en nem id\u0151szaki t\u00e1rlat, a bibliot\u00e9ka m\u00e1sodik emelet\u00e9n b\u00e1rmikor megtekinthet\u0151.<br \/>\n<br \/>\n<div style=\"width: 640px;\" class=\"wp-video\"><!--[if lt IE 9]><script>document.createElement('video');<\/script><![endif]-->\n<video class=\"wp-video-shortcode\" id=\"video-8031-1\" width=\"640\" height=\"360\" preload=\"metadata\" controls=\"controls\"><source type=\"video\/mp4\" src=\"\/spots\/hir\/hir_180123_01.mp4?_=1\" \/><a href=\"\/spots\/hir\/hir_180123_01.mp4\">\/spots\/hir\/hir_180123_01.mp4<\/a><\/video><\/div><\/p>\n","protected":false},"excerpt":{"rendered":"<p>-Egyszer\u0171 volt, k\u00f6vetend\u0151 minta, pedag\u00f3gusoknak, irodalm\u00e1roknak, k\u00f6nyvt\u00e1rosoknak \u00e9s mindenkinek, aki itt \u00e9lt Szolnokon, a Tisza partj\u00e1n.&#8221; &#8211; Ezekkel a szavakkal nyitotta meg p\u00e9ntek este Szab\u00f3 Istv\u00e1n alpolg\u00e1rmester a Szurmay Ern\u0151 eml\u00e9kki\u00e1ll\u00edt\u00e1st. A szolnoki sz\u00fclet\u00e9s\u0171 pedag\u00f3gus, 1970-ben lett a Verseghy Ferenc K\u00f6nyvt\u00e1r igazgat\u00f3ja. Nyugd\u00edjba vonul\u00e1s\u00e1ig, 1984-ig vezette az int\u00e9zm\u00e9nyt. Az \u0151 \u00e9gisze alatt hozt\u00e1k l\u00e9tre a [&hellip;]<\/p>\n","protected":false},"author":2,"featured_media":0,"comment_status":"closed","ping_status":"closed","sticky":false,"template":"","format":"standard","meta":[],"categories":[9],"tags":[],"_links":{"self":[{"href":"http:\/\/archiv.szolnoktv.hu\/index.php?rest_route=\/wp\/v2\/posts\/8031"}],"collection":[{"href":"http:\/\/archiv.szolnoktv.hu\/index.php?rest_route=\/wp\/v2\/posts"}],"about":[{"href":"http:\/\/archiv.szolnoktv.hu\/index.php?rest_route=\/wp\/v2\/types\/post"}],"author":[{"embeddable":true,"href":"http:\/\/archiv.szolnoktv.hu\/index.php?rest_route=\/wp\/v2\/users\/2"}],"replies":[{"embeddable":true,"href":"http:\/\/archiv.szolnoktv.hu\/index.php?rest_route=%2Fwp%2Fv2%2Fcomments&post=8031"}],"version-history":[{"count":1,"href":"http:\/\/archiv.szolnoktv.hu\/index.php?rest_route=\/wp\/v2\/posts\/8031\/revisions"}],"predecessor-version":[{"id":8086,"href":"http:\/\/archiv.szolnoktv.hu\/index.php?rest_route=\/wp\/v2\/posts\/8031\/revisions\/8086"}],"wp:attachment":[{"href":"http:\/\/archiv.szolnoktv.hu\/index.php?rest_route=%2Fwp%2Fv2%2Fmedia&parent=8031"}],"wp:term":[{"taxonomy":"category","embeddable":true,"href":"http:\/\/archiv.szolnoktv.hu\/index.php?rest_route=%2Fwp%2Fv2%2Fcategories&post=8031"},{"taxonomy":"post_tag","embeddable":true,"href":"http:\/\/archiv.szolnoktv.hu\/index.php?rest_route=%2Fwp%2Fv2%2Ftags&post=8031"}],"curies":[{"name":"wp","href":"https:\/\/api.w.org\/{rel}","templated":true}]}}