{"id":8030,"date":"2018-01-23T15:09:38","date_gmt":"2018-01-23T15:09:38","guid":{"rendered":"http:\/\/archiv.szolnoktv.hu\/?p=8030"},"modified":"2021-08-13T18:02:28","modified_gmt":"2021-08-13T18:02:28","slug":"uj-kerekpartarolok-a-varkonyi-teren","status":"publish","type":"post","link":"http:\/\/archiv.szolnoktv.hu\/?p=8030","title":{"rendered":"\u00daj ker\u00e9kp\u00e1rt\u00e1rol\u00f3k a V\u00e1rkonyi t\u00e9ren"},"content":{"rendered":"<div class='booster-block booster-read-block'><\/div><p>N\u00e9h\u00e1ny \u00e9vvel ezel\u0151tt Szolnok v\u00e1ros teljes utcai b\u00fatorzat\u00e1t sz\u00e1mba vett\u00e9k, \u00e1llapotukat felm\u00e9rt\u00e9k. Kider\u00fclt, az 1970-es, 80-as \u00e9vekben elhelyezett b\u00fatorok nem fel\u00faj\u00edthat\u00f3ak, ez\u00e9rt ezek folyamatos cser\u00e9je elod\u00e1zhatatlan. Ezzel egy id\u0151ben t\u00f6bb beruh\u00e1z\u00e1s t\u00f6rt\u00e9nik a v\u00e1rosban: j\u00e1rdafel\u00faj\u00edt\u00e1sok, csom\u00f3pontok, z\u00f6ld ter\u00fcletek kialak\u00edt\u00e1sa.A program keret\u00e9ben most \u00fajabb utcai b\u00fatorokat helyeztek ki. Ez\u00fattal a V\u00e1rkonyi t\u00e9ri p\u00e9ks\u00e9g el\u0151tt. A ker\u00e9kp\u00e1r \u00fat mell\u00e9, 3 modern, massz\u00edv biciklit\u00e1rol\u00f3 ker\u00fclt, de a tervek szerint m\u00e9g tov\u00e1bbi \u00f6t is helyet kap majd. Ezek id\u0151t\u00e1ll\u00f3s\u00e1ga k\u00f6r\u00fclbel\u00fcl 80 \u00e9v. <\/p>\n<p>-Itt m\u00e9g ugyan \u00fagy, a V\u00e1rkonyi t\u00e9ren, egy kicsit lejjebb is folytatjuk. Ott szint\u00e9n van egy olyan ker\u00e9kp\u00e1r t\u00e1masz, aminek a megsz\u00fcntet\u00e9s\u00e9t szeretn\u00e9nk kiv\u00e1ltani. Illetve, az\u00e9rt t\u00f6bb helysz\u00edn: a V\u00edzpart k\u00f6r\u00fatt\u00f3l kezdve a Baross \u00fatig m\u00e9g ebben a h\u00f3napban terveinkben szerepel.&#8221; mondta Boross Zolt\u00e1n, a V\u00e1ros\u00fczemeltet\u00e9si Oszt\u00e1ly vezet\u0151 f\u0151tan\u00e1csosa.<\/p>\n<p>A tavalyi \u00e9vben megkezdett projektre 9 milli\u00f3 forintos k\u00f6lts\u00e9gvet\u00e9si keretet biztos\u00edtott az \u00f6nkorm\u00e1nyzat. \u00cdgy t\u00f6bb sz\u00e1z utcai b\u00fator elemet tudnak cser\u00e9lni a v\u00e1ros k\u00f6zterein, utc\u00e1in.<br \/>\n<br \/>\n<div style=\"width: 640px;\" class=\"wp-video\"><!--[if lt IE 9]><script>document.createElement('video');<\/script><![endif]-->\n<video class=\"wp-video-shortcode\" id=\"video-8030-1\" width=\"640\" height=\"360\" preload=\"metadata\" controls=\"controls\"><source type=\"video\/mp4\" src=\"\/spots\/hir\/hir_180123_04.mp4?_=1\" \/><a href=\"\/spots\/hir\/hir_180123_04.mp4\">\/spots\/hir\/hir_180123_04.mp4<\/a><\/video><\/div><\/p>\n","protected":false},"excerpt":{"rendered":"<p>N\u00e9h\u00e1ny \u00e9vvel ezel\u0151tt Szolnok v\u00e1ros teljes utcai b\u00fatorzat\u00e1t sz\u00e1mba vett\u00e9k, \u00e1llapotukat felm\u00e9rt\u00e9k. Kider\u00fclt, az 1970-es, 80-as \u00e9vekben elhelyezett b\u00fatorok nem fel\u00faj\u00edthat\u00f3ak, ez\u00e9rt ezek folyamatos cser\u00e9je elod\u00e1zhatatlan. Ezzel egy id\u0151ben t\u00f6bb beruh\u00e1z\u00e1s t\u00f6rt\u00e9nik a v\u00e1rosban: j\u00e1rdafel\u00faj\u00edt\u00e1sok, csom\u00f3pontok, z\u00f6ld ter\u00fcletek kialak\u00edt\u00e1sa.A program keret\u00e9ben most \u00fajabb utcai b\u00fatorokat helyeztek ki. Ez\u00fattal a V\u00e1rkonyi t\u00e9ri p\u00e9ks\u00e9g el\u0151tt. A ker\u00e9kp\u00e1r [&hellip;]<\/p>\n","protected":false},"author":2,"featured_media":0,"comment_status":"closed","ping_status":"closed","sticky":false,"template":"","format":"standard","meta":[],"categories":[9],"tags":[],"_links":{"self":[{"href":"http:\/\/archiv.szolnoktv.hu\/index.php?rest_route=\/wp\/v2\/posts\/8030"}],"collection":[{"href":"http:\/\/archiv.szolnoktv.hu\/index.php?rest_route=\/wp\/v2\/posts"}],"about":[{"href":"http:\/\/archiv.szolnoktv.hu\/index.php?rest_route=\/wp\/v2\/types\/post"}],"author":[{"embeddable":true,"href":"http:\/\/archiv.szolnoktv.hu\/index.php?rest_route=\/wp\/v2\/users\/2"}],"replies":[{"embeddable":true,"href":"http:\/\/archiv.szolnoktv.hu\/index.php?rest_route=%2Fwp%2Fv2%2Fcomments&post=8030"}],"version-history":[{"count":1,"href":"http:\/\/archiv.szolnoktv.hu\/index.php?rest_route=\/wp\/v2\/posts\/8030\/revisions"}],"predecessor-version":[{"id":8087,"href":"http:\/\/archiv.szolnoktv.hu\/index.php?rest_route=\/wp\/v2\/posts\/8030\/revisions\/8087"}],"wp:attachment":[{"href":"http:\/\/archiv.szolnoktv.hu\/index.php?rest_route=%2Fwp%2Fv2%2Fmedia&parent=8030"}],"wp:term":[{"taxonomy":"category","embeddable":true,"href":"http:\/\/archiv.szolnoktv.hu\/index.php?rest_route=%2Fwp%2Fv2%2Fcategories&post=8030"},{"taxonomy":"post_tag","embeddable":true,"href":"http:\/\/archiv.szolnoktv.hu\/index.php?rest_route=%2Fwp%2Fv2%2Ftags&post=8030"}],"curies":[{"name":"wp","href":"https:\/\/api.w.org\/{rel}","templated":true}]}}