{"id":8029,"date":"2018-01-23T15:08:16","date_gmt":"2018-01-23T15:08:16","guid":{"rendered":"http:\/\/archiv.szolnoktv.hu\/?p=8029"},"modified":"2021-08-13T18:02:28","modified_gmt":"2021-08-13T18:02:28","slug":"megnyilt-a-valasztasi-informacios-iroda","status":"publish","type":"post","link":"http:\/\/archiv.szolnoktv.hu\/?p=8029","title":{"rendered":"Megny\u00edlt a V\u00e1laszt\u00e1si Inform\u00e1ci\u00f3s Iroda"},"content":{"rendered":"<div class='booster-block booster-read-block'><\/div><p>A V\u00e1laszt\u00e1si Inform\u00e1ci\u00f3s Iroda azon t\u00fal, hogy ell\u00e1tja a v\u00e1laszt\u00e1sok el\u0151k\u00e9sz\u00edt\u00e9s\u00e9vel kapcsolatos feladatokat  &#8211;   mint a nev\u00e9ben is benne van  &#8211;   inform\u00e1ci\u00f3kkal seg\u00edtik a v\u00e1laszt\u00f3polg\u00e1rokat, akik t\u00f6bb \u00fcgyben is felkereshetik a V\u00e1rosh\u00e1z\u00e1n ny\u00edlt irod\u00e1t.<\/p>\n<p> -A v\u00e1laszt\u00f3polg\u00e1rok amennyiben a v\u00e1laszt\u00e1s napj\u00e1n nem Szolnokon tart\u00f3zkodnak k\u00e9rhetik \u00e1tjelentkez\u00e9s\u00fcket m\u00e1sik telep\u00fcl\u00e9s m\u00e1sik szavaz\u00f3k\u00f6r\u00e9be. K\u00e9rhetnek mozg\u00f3urn\u00e1t ezen t\u00falmen\u0151en pedig azok a magyar \u00e1llampolg\u00e1rok, akiknek magyarorsz\u00e1gi lakc\u00edm\u00fck van \u00e9s k\u00fclf\u00f6ld\u00f6n tart\u00f3zkodnak k\u00e9rhetik k\u00fclk\u00e9pviseleti n\u00e9vjegyz\u00e9kbe val\u00f3 v\u00e9tel\u00fcket.&#8221;  &#8211;   mondta J\u00f3v\u00e9r Zolt\u00e1n az iroda vezet\u0151je.<\/p>\n<p>Mindezt megtehetik a Nemzeti V\u00e1laszt\u00e1si Iroda website-\u00e1n, a www.valasztas.hu oldalon is. Itt a k\u00fcl\u00f6nb\u00f6z\u0151 k\u00e9relmeket online is be lehet adni. A weboldalon a men\u00fcpontok egy\u00e9rtelm\u0171ek  &#8211;   megtudhatj\u00e1k hol \u00e9s hogyan lehet szavazni, olvashat\u00f3ak a jogszab\u00e1lyok, de a jel\u00f6ltek is hasznos inform\u00e1ci\u00f3khoz juthatnak. Ennek ellen\u00e9re v\u00e1laszt\u00e1sok idej\u00e9n sokan l\u00e1togatj\u00e1k meg szem\u00e9lyesen az irod\u00e1kat, 4 \u00e9ve majd 3.000 \u00fcgyfelet regisztr\u00e1ltak a megyesz\u00e9khelyen. Id\u00e9n egyel t\u00f6bb szavaz\u00f3k\u00f6r lesz a v\u00e1rosban  &#8211;   tette hozz\u00e1 J\u00f3v\u00e9r Zolt\u00e1n.<\/p>\n<p> -A 4 \u00e9vvel ezel\u0151tti v\u00e1laszt\u00e1son 69 szavaz\u00f3k\u00f6r m\u0171k\u00f6d\u00f6tt Szolnokon, most ezt 70 szavaz\u00f3k\u00f6rre m\u00f3dos\u00edtott\u00e1k, tekintettel arra, hogy az ir\u00e1nyad\u00f3 jogszab\u00e1ly azt mondja, hogy egy szavaz\u00f3k\u00f6rben mintegy 600 v\u00e1laszt\u00f3polg\u00e1r, maximum 1.500 szavazhat, a 69-es szavaz\u00f3k\u00f6rn\u00e9l megk\u00f6zel\u00edtett\u00fck az 1.500 f\u0151t \u00e9s ez indokolta azt, hogy a 69-es mellett l\u00e9tes\u00fclt egy 70. szavaz\u00f3k\u00f6r is.&#8221;<\/p>\n<p>7 kor\u00e1bban j\u00f3l megszokott szavaz\u00f3hely pedig m\u00e1shov\u00e1 k\u00f6lt\u00f6zik, err\u0151l pontos t\u00e1j\u00e9koztat\u00e1st kapnak majd a v\u00e1laszt\u00f3polg\u00e1rok.<\/p>\n<div style=\"width: 640px;\" class=\"wp-video\"><!--[if lt IE 9]><script>document.createElement('video');<\/script><![endif]-->\n<video class=\"wp-video-shortcode\" id=\"video-8029-1\" width=\"640\" height=\"360\" preload=\"metadata\" controls=\"controls\"><source type=\"video\/mp4\" src=\"\/spots\/hir\/hir_180123_03.mp4?_=1\" \/><a href=\"\/spots\/hir\/hir_180123_03.mp4\">\/spots\/hir\/hir_180123_03.mp4<\/a><\/video><\/div>\n","protected":false},"excerpt":{"rendered":"<p>A V\u00e1laszt\u00e1si Inform\u00e1ci\u00f3s Iroda azon t\u00fal, hogy ell\u00e1tja a v\u00e1laszt\u00e1sok el\u0151k\u00e9sz\u00edt\u00e9s\u00e9vel kapcsolatos feladatokat &#8211; mint a nev\u00e9ben is benne van &#8211; inform\u00e1ci\u00f3kkal seg\u00edtik a v\u00e1laszt\u00f3polg\u00e1rokat, akik t\u00f6bb \u00fcgyben is felkereshetik a V\u00e1rosh\u00e1z\u00e1n ny\u00edlt irod\u00e1t. -A v\u00e1laszt\u00f3polg\u00e1rok amennyiben a v\u00e1laszt\u00e1s napj\u00e1n nem Szolnokon tart\u00f3zkodnak k\u00e9rhetik \u00e1tjelentkez\u00e9s\u00fcket m\u00e1sik telep\u00fcl\u00e9s m\u00e1sik szavaz\u00f3k\u00f6r\u00e9be. K\u00e9rhetnek mozg\u00f3urn\u00e1t ezen t\u00falmen\u0151en pedig azok [&hellip;]<\/p>\n","protected":false},"author":2,"featured_media":0,"comment_status":"closed","ping_status":"closed","sticky":false,"template":"","format":"standard","meta":[],"categories":[9],"tags":[],"_links":{"self":[{"href":"http:\/\/archiv.szolnoktv.hu\/index.php?rest_route=\/wp\/v2\/posts\/8029"}],"collection":[{"href":"http:\/\/archiv.szolnoktv.hu\/index.php?rest_route=\/wp\/v2\/posts"}],"about":[{"href":"http:\/\/archiv.szolnoktv.hu\/index.php?rest_route=\/wp\/v2\/types\/post"}],"author":[{"embeddable":true,"href":"http:\/\/archiv.szolnoktv.hu\/index.php?rest_route=\/wp\/v2\/users\/2"}],"replies":[{"embeddable":true,"href":"http:\/\/archiv.szolnoktv.hu\/index.php?rest_route=%2Fwp%2Fv2%2Fcomments&post=8029"}],"version-history":[{"count":1,"href":"http:\/\/archiv.szolnoktv.hu\/index.php?rest_route=\/wp\/v2\/posts\/8029\/revisions"}],"predecessor-version":[{"id":8088,"href":"http:\/\/archiv.szolnoktv.hu\/index.php?rest_route=\/wp\/v2\/posts\/8029\/revisions\/8088"}],"wp:attachment":[{"href":"http:\/\/archiv.szolnoktv.hu\/index.php?rest_route=%2Fwp%2Fv2%2Fmedia&parent=8029"}],"wp:term":[{"taxonomy":"category","embeddable":true,"href":"http:\/\/archiv.szolnoktv.hu\/index.php?rest_route=%2Fwp%2Fv2%2Fcategories&post=8029"},{"taxonomy":"post_tag","embeddable":true,"href":"http:\/\/archiv.szolnoktv.hu\/index.php?rest_route=%2Fwp%2Fv2%2Ftags&post=8029"}],"curies":[{"name":"wp","href":"https:\/\/api.w.org\/{rel}","templated":true}]}}