{"id":7996,"date":"2018-01-22T16:17:29","date_gmt":"2018-01-22T16:17:29","guid":{"rendered":"http:\/\/archiv.szolnoktv.hu\/?p=7996"},"modified":"2021-08-13T17:55:42","modified_gmt":"2021-08-13T17:55:42","slug":"szakajto-tanchaz","status":"publish","type":"post","link":"http:\/\/archiv.szolnoktv.hu\/?p=7996","title":{"rendered":"Szakajt\u00f3 t\u00e1nch\u00e1z"},"content":{"rendered":"<div class='booster-block booster-read-block'><\/div><p> A Szakajt\u00f3 Szolnoki N\u00e9pzenei M\u0171hely Egyes\u00fclet c\u00e9lja, hogy a szolnoki csal\u00e1dok sz\u00e1m\u00e1ra tartalmas \u00e9s sz\u00ednvonalas n\u00e9pzenei programokat k\u00edn\u00e1ljon. Szombat este a L\u00e1dafia B\u00e1bsz\u00ednh\u00e1z m\u0171sor\u00e1n kuncoghattak a gyerekek. A Sodr\u00e1s N\u00e9pzenei Kisegy\u00fcttessel dalt tanulhattak.<br \/>-A k\u00e9t nagyobbik kisl\u00e1nyom a Zeng\u0151 oviba j\u00e1r \u00e9s az egyik ped. asszisztens n\u00e9ni, aki ott szokott lenni vel\u00fck a csoportban, \u0151 osztotta meg a Facebook oldal\u00e1n \u00e9s onnan l\u00e1ttuk a plak\u00e1tot, meg az \u00f3vod\u00e1ba is ki szokt\u00e1k tenni a plak\u00e1tot&#8221; -mondta Bak\u00f3n\u00e9 B\u00e1n Zs\u00f3fia, aki 5 hetes pici bab\u00e1j\u00e1t is mag\u00e1val hozta.<\/p>\n<p>R\u00e9gi tan\u00edtv\u00e1nyok sem maradhattak ki a k\u00f6z\u00f6s zen\u00e9l\u00e9sb\u0151l, mulats\u00e1gb\u00f3l. Sul\u00e1k Gergely is csatlakozott a programhoz:<br \/>-Gabi n\u00e9ni j\u00f6tt be 3. oszt\u00e1lyban a terembe, szint\u00e9n a Szakajt\u00f3 N\u00e9pzenei Egyes\u00fclet k\u00e9t tagj\u00e1val: B\u00f6r\u00f6cz Bal\u00e1zzsal \u00e9s Hornyik Thomassal. Egy toborz\u00e1s volt akkor \u00e9s nagyon megtetszett a br\u00e1csa hangszer \u00e9s onnant\u00f3l kezdve nem is tudtam leszakadnia t\u00e9m\u00e1r\u00f3l.&#8221; <br \/>N\u00e9pi \u00e9nek \u00e9s hangszeres: citera, br\u00e1csa, heged\u0171 \u00e9s nagyb\u0151g\u0151 oktat\u00e1s is folyik. Az egyes\u00fclet munk\u00e1j\u00e1nak c\u00e9lja, hogy a n\u00e9pzene jelent\u0151s\u00e9g\u00e9t, fontoss\u00e1g\u00e1t emelje k a c\u00e9lzott programokkal.<\/p>\n<p>Juh\u00e1szn\u00e9 Antal Gabriella, a Szakajt\u00f3 Szolnoki N\u00e9pzenei M\u0171hely Egyes\u00fclet eln\u00f6ke \u00edgy nyilatkozott:<\/p>\n<p>-Igazs\u00e1g szerint olyan csal\u00e1di programokat akarunk szervezni, mint ez a mai is p\u00e9ld\u00e1ul. Egy b\u00e1bel\u0151ad\u00e1ssal kezd\u0151dik, gyerek t\u00e1nch\u00e1zzal folytat\u00f3dik \u00e9s feln\u0151tt t\u00e1nch\u00e1z a v\u00e9ge. Ez \u00e9jf\u00e9lig eltart.&#8221;<br \/> A Szakajt\u00f3 N\u00e9pzenei M\u0171hely alap\u00edt\u00f3 k\u00f6z\u00f6ss\u00e9g\u00e9nek tagja- Dr. K\u00e1llai M\u00e1ria korm\u00e1nymegb\u00edzott- Juh\u00e1szn\u00e9 Antal Gabriell\u00e1nak mondott k\u00f6sz\u00f6netet.<br \/>-Nyugd\u00edjba men\u00e9sekor felel\u0151ss\u00e9get \u00e9rzett annak \u00e9rdek\u00e9ben, hogy az a csod\u00e1latos n\u00e9pzene, n\u00e9pi hangszer, \u00e9nekl\u00e9s, k\u00f6z\u00f6s \u00e9nekl\u00e9s, gyermekek, gener\u00e1ci\u00f3k \u00f6sszefog\u00e1sa, rendszeres t\u00e1nch\u00e1zak tart\u00e1sa, hogyan tud m\u00e9g jobb gy\u00f6keret ereszteni Szolnokon.&#8221;<\/p>\n<p>A k\u00f6vetkez\u0151 Szakajt\u00f3 t\u00e1nch\u00e1z \u00e1prilis 21-\u00e9n, szombaton v\u00e1rja a n\u00e9pi zene kedvel\u0151it a volt Cserk\u00e9szh\u00e1zban.<br \/>\n<br \/>\n<div style=\"width: 640px;\" class=\"wp-video\"><!--[if lt IE 9]><script>document.createElement('video');<\/script><![endif]-->\n<video class=\"wp-video-shortcode\" id=\"video-7996-1\" width=\"640\" height=\"360\" preload=\"metadata\" controls=\"controls\"><source type=\"video\/mp4\" src=\"\/spots\/hir\/hir_180122_03.mp4?_=1\" \/><a href=\"\/spots\/hir\/hir_180122_03.mp4\">\/spots\/hir\/hir_180122_03.mp4<\/a><\/video><\/div><\/p>\n","protected":false},"excerpt":{"rendered":"<p>A Szakajt\u00f3 Szolnoki N\u00e9pzenei M\u0171hely Egyes\u00fclet c\u00e9lja, hogy a szolnoki csal\u00e1dok sz\u00e1m\u00e1ra tartalmas \u00e9s sz\u00ednvonalas n\u00e9pzenei programokat k\u00edn\u00e1ljon. Szombat este a L\u00e1dafia B\u00e1bsz\u00ednh\u00e1z m\u0171sor\u00e1n kuncoghattak a gyerekek. A Sodr\u00e1s N\u00e9pzenei Kisegy\u00fcttessel dalt tanulhattak.-A k\u00e9t nagyobbik kisl\u00e1nyom a Zeng\u0151 oviba j\u00e1r \u00e9s az egyik ped. asszisztens n\u00e9ni, aki ott szokott lenni vel\u00fck a csoportban, \u0151 osztotta [&hellip;]<\/p>\n","protected":false},"author":2,"featured_media":0,"comment_status":"closed","ping_status":"closed","sticky":false,"template":"","format":"standard","meta":[],"categories":[9],"tags":[],"_links":{"self":[{"href":"http:\/\/archiv.szolnoktv.hu\/index.php?rest_route=\/wp\/v2\/posts\/7996"}],"collection":[{"href":"http:\/\/archiv.szolnoktv.hu\/index.php?rest_route=\/wp\/v2\/posts"}],"about":[{"href":"http:\/\/archiv.szolnoktv.hu\/index.php?rest_route=\/wp\/v2\/types\/post"}],"author":[{"embeddable":true,"href":"http:\/\/archiv.szolnoktv.hu\/index.php?rest_route=\/wp\/v2\/users\/2"}],"replies":[{"embeddable":true,"href":"http:\/\/archiv.szolnoktv.hu\/index.php?rest_route=%2Fwp%2Fv2%2Fcomments&post=7996"}],"version-history":[{"count":1,"href":"http:\/\/archiv.szolnoktv.hu\/index.php?rest_route=\/wp\/v2\/posts\/7996\/revisions"}],"predecessor-version":[{"id":7999,"href":"http:\/\/archiv.szolnoktv.hu\/index.php?rest_route=\/wp\/v2\/posts\/7996\/revisions\/7999"}],"wp:attachment":[{"href":"http:\/\/archiv.szolnoktv.hu\/index.php?rest_route=%2Fwp%2Fv2%2Fmedia&parent=7996"}],"wp:term":[{"taxonomy":"category","embeddable":true,"href":"http:\/\/archiv.szolnoktv.hu\/index.php?rest_route=%2Fwp%2Fv2%2Fcategories&post=7996"},{"taxonomy":"post_tag","embeddable":true,"href":"http:\/\/archiv.szolnoktv.hu\/index.php?rest_route=%2Fwp%2Fv2%2Ftags&post=7996"}],"curies":[{"name":"wp","href":"https:\/\/api.w.org\/{rel}","templated":true}]}}