{"id":7995,"date":"2018-01-22T16:16:16","date_gmt":"2018-01-22T16:16:16","guid":{"rendered":"http:\/\/archiv.szolnoktv.hu\/?p=7995"},"modified":"2021-08-13T17:55:42","modified_gmt":"2021-08-13T17:55:42","slug":"ulesezett-a-varosfejlesztesi-bizottsag-3","status":"publish","type":"post","link":"http:\/\/archiv.szolnoktv.hu\/?p=7995","title":{"rendered":"\u00dcl\u00e9sezett a v\u00e1rosfejleszt\u00e9si bizotts\u00e1g"},"content":{"rendered":"<div class='booster-block booster-read-block'><\/div><p>A parkol\u00f3\u00f3r\u00e1val rendelkez\u0151 k\u00f6zter\u00fcletek haszn\u00e1lat\u00e1r\u00f3l is t\u00e1rgyaltak ma a v\u00e1rosfejleszt\u00e9si \u00e9s \u00fczemeltet\u00e9si bizotts\u00e1g tagjai. <\/p>\n<p>Moln\u00e1r Iv\u00e1n a v\u00e1rosfejleszt\u00e9si \u00e9s \u00fczemeltet\u00e9si bizotts\u00e1g eln\u00f6ke elmondta: <\/p>\n<p>-&#8220;Azon a r\u00e9szen, ahol \u00f3r\u00e1val ell\u00e1tott ter\u00fclet van \u00e9s ott akar  ter\u00fcletet foglalni, ak\u00e1r egy kont\u00e9nernek, ak\u00e1r b\u00e1rmilyen anyagnak, amit ideiglenesen lepakol, ahhoz k\u00f6zter\u00fclet foglal\u00e1st kell k\u00e9rni \u00e9s annak a d\u00edja m\u00f3dos\u00edtva lesz. M\u00e1sk\u00e9pp lesz kisz\u00e1m\u00edtva, mint eddig volt.&#8221; <\/p>\n<p> A pontos r\u00e9szletekr\u0151l a cs\u00fct\u00f6rt\u00f6ki k\u00f6zgy\u0171l\u00e9s d\u00f6nt majd. A bizotts\u00e1g tagjai, egy\u00e9b k\u00f6zter\u00fclettel kapcsolatos el\u0151terjeszt\u00e9st is v\u00e9lem\u00e9nyeztek. <\/p>\n<p>-&#8220;Tavaly decemberben elfogadtuk a k\u00fclt\u00e9ri rekl\u00e1mhordoz\u00f3kkal kapcsolatban egy szab\u00e1lyoz\u00e1st \u00e9s ennek kapcs\u00e1n a 2008-ban elfogadott rendeletet m\u00f3dos\u00edtjuk \u00e9s aktualiz\u00e1ljuk hozz\u00e1&#8221;-tette hozz\u00e1 az eln\u00f6k.  <\/p>\n<p>A bizotts\u00e1g t\u00e1rgyalt az E\u00f6tv\u00f6s t\u00e9ri szobor fel\u00e1ll\u00edt\u00e1s\u00e1r\u00f3l, z\u00e1r \u00fcl\u00e9sen pedig \u00fczlethelyis\u00e9g b\u00e9rbead\u00e1sr\u00f3l is. Valamennyi napirendi pontban a cs\u00fct\u00f6rt\u00f6ki k\u00f6zgy\u0171l\u00e9s hoz majd d\u00f6nt\u00e9st.<br \/>\n<br \/>\n<div style=\"width: 640px;\" class=\"wp-video\"><!--[if lt IE 9]><script>document.createElement('video');<\/script><![endif]-->\n<video class=\"wp-video-shortcode\" id=\"video-7995-1\" width=\"640\" height=\"360\" preload=\"metadata\" controls=\"controls\"><source type=\"video\/mp4\" src=\"\/spots\/hir\/hir_180122_08.mp4?_=1\" \/><a href=\"\/spots\/hir\/hir_180122_08.mp4\">\/spots\/hir\/hir_180122_08.mp4<\/a><\/video><\/div><\/p>\n","protected":false},"excerpt":{"rendered":"<p>A parkol\u00f3\u00f3r\u00e1val rendelkez\u0151 k\u00f6zter\u00fcletek haszn\u00e1lat\u00e1r\u00f3l is t\u00e1rgyaltak ma a v\u00e1rosfejleszt\u00e9si \u00e9s \u00fczemeltet\u00e9si bizotts\u00e1g tagjai. Moln\u00e1r Iv\u00e1n a v\u00e1rosfejleszt\u00e9si \u00e9s \u00fczemeltet\u00e9si bizotts\u00e1g eln\u00f6ke elmondta: -&#8220;Azon a r\u00e9szen, ahol \u00f3r\u00e1val ell\u00e1tott ter\u00fclet van \u00e9s ott akar ter\u00fcletet foglalni, ak\u00e1r egy kont\u00e9nernek, ak\u00e1r b\u00e1rmilyen anyagnak, amit ideiglenesen lepakol, ahhoz k\u00f6zter\u00fclet foglal\u00e1st kell k\u00e9rni \u00e9s annak a d\u00edja m\u00f3dos\u00edtva [&hellip;]<\/p>\n","protected":false},"author":2,"featured_media":0,"comment_status":"closed","ping_status":"closed","sticky":false,"template":"","format":"standard","meta":[],"categories":[9],"tags":[],"_links":{"self":[{"href":"http:\/\/archiv.szolnoktv.hu\/index.php?rest_route=\/wp\/v2\/posts\/7995"}],"collection":[{"href":"http:\/\/archiv.szolnoktv.hu\/index.php?rest_route=\/wp\/v2\/posts"}],"about":[{"href":"http:\/\/archiv.szolnoktv.hu\/index.php?rest_route=\/wp\/v2\/types\/post"}],"author":[{"embeddable":true,"href":"http:\/\/archiv.szolnoktv.hu\/index.php?rest_route=\/wp\/v2\/users\/2"}],"replies":[{"embeddable":true,"href":"http:\/\/archiv.szolnoktv.hu\/index.php?rest_route=%2Fwp%2Fv2%2Fcomments&post=7995"}],"version-history":[{"count":1,"href":"http:\/\/archiv.szolnoktv.hu\/index.php?rest_route=\/wp\/v2\/posts\/7995\/revisions"}],"predecessor-version":[{"id":8000,"href":"http:\/\/archiv.szolnoktv.hu\/index.php?rest_route=\/wp\/v2\/posts\/7995\/revisions\/8000"}],"wp:attachment":[{"href":"http:\/\/archiv.szolnoktv.hu\/index.php?rest_route=%2Fwp%2Fv2%2Fmedia&parent=7995"}],"wp:term":[{"taxonomy":"category","embeddable":true,"href":"http:\/\/archiv.szolnoktv.hu\/index.php?rest_route=%2Fwp%2Fv2%2Fcategories&post=7995"},{"taxonomy":"post_tag","embeddable":true,"href":"http:\/\/archiv.szolnoktv.hu\/index.php?rest_route=%2Fwp%2Fv2%2Ftags&post=7995"}],"curies":[{"name":"wp","href":"https:\/\/api.w.org\/{rel}","templated":true}]}}