{"id":7994,"date":"2018-01-22T16:14:34","date_gmt":"2018-01-22T16:14:34","guid":{"rendered":"http:\/\/archiv.szolnoktv.hu\/?p=7994"},"modified":"2021-08-13T17:55:42","modified_gmt":"2021-08-13T17:55:42","slug":"leesett-az-elso-ho","status":"publish","type":"post","link":"http:\/\/archiv.szolnoktv.hu\/?p=7994","title":{"rendered":"Leesett az els\u0151 h\u00f3"},"content":{"rendered":"<div class='booster-block booster-read-block'><\/div><p>Minden talpalatnyi lejt\u0151 megtelt Szolnokon sz\u00e1nk\u00f3z\u00f3, h\u00f3embert \u00e9p\u00edt\u0151 \u00e9s h\u00f3goly\u00f3z\u00f3 emberrel. Az idei t\u00e9l els\u0151 komolyabb h\u00f3es\u00e9se sz\u00e1zakat cs\u00e1b\u00edtott a szabadba. Vas\u00e1rnap h\u00f3es\u00e9sre \u00e9bredtek a szolnokiak. Alig p\u00e1r \u00f3ra alatt 5-10 centim\u00e9ternyi bor\u00edtotta feh\u00e9rbe a v\u00e1rost. Nem telt el sok id\u0151, a megyesz\u00e9khely sz\u00e1nk\u00f3dombja, a Tisza \u00e9s a Zagyva g\u00e1tja megtelt sz\u00e1nk\u00f3z\u00f3kkal.<\/p>\n<p>&#8220;V\u00e9gre esik a h\u00f3, mindenki \u00f6r\u00fcl, mit is k\u00edv\u00e1nhatn\u00e1nk m\u00e1st vas\u00e1rnap d\u00e9lel\u0151ttre, mint a szuper havat.&#8221; -mondta MOLN\u00c1R BOLDIZS\u00c1R.<\/p>\n<p>&#8220;\u00c9n nagyon \u00f6r\u00fcl\u00f6k a h\u00f3nak, megy\u00fcnk sz\u00e1nk\u00f3zni, \u00e9s s\u00edelni is megy\u00fcnk nemsok\u00e1ra Szlov\u00e1ki\u00e1ba.&#8221; &#8211; mondta PAR\u00d3CZAI M\u00c1T\u00c9.<\/p>\n<p>Annak ellen\u00e9re, hogy Szolnok alf\u00f6ldi telep\u00fcl\u00e9s, sokan szeretik a t\u00e9li sportokat.  A nem oly magas V\u00e1rkonyi t\u00e9ri domb az egyik legn\u00e9pszer\u0171bb sz\u00e1nk\u00f3domb, h\u00f3emberek \u00e9s kipirult arc\u00fa gyerekek lept\u00e9k el.<\/p>\n<p>&#8220;Nagyon j\u00f3 a sz\u00e1nk\u00f3z\u00e1s, j\u00f3 sok h\u00f3 esett, \u00e9s j\u00f3 a h\u00f3goly\u00f3z\u00e1s. Itt szoktatok? Igen. S\u00edel\u00e9s megy m\u00e1r? Nem. De j\u00f3 lesz megtanulni? Ok\u00e9.&#8221; -mondta VIR\u00c1G P\u00c9TER.<\/p>\n<p>A havaz\u00e1s munk\u00e1t is ad. A bej\u00e1ratok el\u0151tt a lakosoknak kell ellap\u00e1tolniuk a havat, ezt sokan meg is teszik. Akadnak olyanok, akik ezt nem is tekintik munk\u00e1nak.<\/p>\n<p>&#8220;Igazi t\u00e9li id\u0151, v\u00e9gre leesett a h\u00f3, takar\u00edtunk, sportolunk \u00e9s etetj\u00fck a madarakat v\u00e9gre.&#8221; -mondta GY\u00d5RI TIBOR.<\/p>\n<p>A v\u00e1ros \u00fatjait az NHSZ Szolnok h\u00f3kotr\u00f3i j\u00e1rt\u00e1k reggel \u00f3ta. Els\u0151 \u00fctemben a forgalmas f\u0151utakat, majd a mell\u00e9kutakat tiszt\u00edtott\u00e1k meg. A h\u00f3kotr\u00f3k &#8220;val\u00f3s idej\u0171&#8221; mozg\u00e1s\u00e1t a c\u00e9g honlapj\u00e1n k\u00f6vethett\u00e9k figyelemmel a szolnokiak.<br \/>\n<br \/>\n<div style=\"width: 640px;\" class=\"wp-video\"><!--[if lt IE 9]><script>document.createElement('video');<\/script><![endif]-->\n<video class=\"wp-video-shortcode\" id=\"video-7994-1\" width=\"640\" height=\"360\" preload=\"metadata\" controls=\"controls\"><source type=\"video\/mp4\" src=\"\/spots\/hir\/hir_180122_07.mp4?_=1\" \/><a href=\"\/spots\/hir\/hir_180122_07.mp4\">\/spots\/hir\/hir_180122_07.mp4<\/a><\/video><\/div><\/p>\n","protected":false},"excerpt":{"rendered":"<p>Minden talpalatnyi lejt\u0151 megtelt Szolnokon sz\u00e1nk\u00f3z\u00f3, h\u00f3embert \u00e9p\u00edt\u0151 \u00e9s h\u00f3goly\u00f3z\u00f3 emberrel. Az idei t\u00e9l els\u0151 komolyabb h\u00f3es\u00e9se sz\u00e1zakat cs\u00e1b\u00edtott a szabadba. Vas\u00e1rnap h\u00f3es\u00e9sre \u00e9bredtek a szolnokiak. Alig p\u00e1r \u00f3ra alatt 5-10 centim\u00e9ternyi bor\u00edtotta feh\u00e9rbe a v\u00e1rost. Nem telt el sok id\u0151, a megyesz\u00e9khely sz\u00e1nk\u00f3dombja, a Tisza \u00e9s a Zagyva g\u00e1tja megtelt sz\u00e1nk\u00f3z\u00f3kkal. &#8220;V\u00e9gre esik a [&hellip;]<\/p>\n","protected":false},"author":2,"featured_media":0,"comment_status":"closed","ping_status":"closed","sticky":false,"template":"","format":"standard","meta":[],"categories":[9],"tags":[],"_links":{"self":[{"href":"http:\/\/archiv.szolnoktv.hu\/index.php?rest_route=\/wp\/v2\/posts\/7994"}],"collection":[{"href":"http:\/\/archiv.szolnoktv.hu\/index.php?rest_route=\/wp\/v2\/posts"}],"about":[{"href":"http:\/\/archiv.szolnoktv.hu\/index.php?rest_route=\/wp\/v2\/types\/post"}],"author":[{"embeddable":true,"href":"http:\/\/archiv.szolnoktv.hu\/index.php?rest_route=\/wp\/v2\/users\/2"}],"replies":[{"embeddable":true,"href":"http:\/\/archiv.szolnoktv.hu\/index.php?rest_route=%2Fwp%2Fv2%2Fcomments&post=7994"}],"version-history":[{"count":1,"href":"http:\/\/archiv.szolnoktv.hu\/index.php?rest_route=\/wp\/v2\/posts\/7994\/revisions"}],"predecessor-version":[{"id":8001,"href":"http:\/\/archiv.szolnoktv.hu\/index.php?rest_route=\/wp\/v2\/posts\/7994\/revisions\/8001"}],"wp:attachment":[{"href":"http:\/\/archiv.szolnoktv.hu\/index.php?rest_route=%2Fwp%2Fv2%2Fmedia&parent=7994"}],"wp:term":[{"taxonomy":"category","embeddable":true,"href":"http:\/\/archiv.szolnoktv.hu\/index.php?rest_route=%2Fwp%2Fv2%2Fcategories&post=7994"},{"taxonomy":"post_tag","embeddable":true,"href":"http:\/\/archiv.szolnoktv.hu\/index.php?rest_route=%2Fwp%2Fv2%2Ftags&post=7994"}],"curies":[{"name":"wp","href":"https:\/\/api.w.org\/{rel}","templated":true}]}}