{"id":7993,"date":"2018-01-22T16:12:27","date_gmt":"2018-01-22T16:12:27","guid":{"rendered":"http:\/\/archiv.szolnoktv.hu\/?p=7993"},"modified":"2021-08-13T17:55:42","modified_gmt":"2021-08-13T17:55:42","slug":"195-eves-a-himnusz","status":"publish","type":"post","link":"http:\/\/archiv.szolnoktv.hu\/?p=7993","title":{"rendered":"195 \u00e9ves a Himnusz"},"content":{"rendered":"<div class='booster-block booster-read-block'><\/div><p>195 \u00e9v \u00e9s ugyanennyi torok. A Himnusz sz\u00fclet\u00e9s\u00e9nek \u00e9vfordul\u00f3ja, illetve a Magyar Kult\u00fara Napja el\u0151tt tisztelgett k\u00f6zel 200 szolnoki k\u00f6z\u00e9piskol\u00e1s, akik egy emberk\u00e9nt szavalj\u00e1k nemzeti im\u00e1ds\u00e1gunkat a v\u00e1ros f\u0151ter\u00e9n. A flashmobon egy megafon \u00e9s t\u00f6bb t\u00e1bla is el\u0151ker\u00fclt, amelyek seg\u00edts\u00e9g\u00e9vel a 21. sz\u00e1zad fiatals\u00e1ga sz\u00e1m\u00e1ra k\u00f6nnyebben befogadhat\u00f3v\u00e1 v\u00e1lt K\u00f6lcsey Ferenc alkot\u00e1sa.<\/p>\n<p>-Isten, \u00e1ldd meg a magyart \/ J\u00f3 kedvvel, b\u0151s\u00e9ggel,&#8221; <\/p>\n<p>Megafonba szavalta a Himnuszt Tokaji Oliv\u00e9r ma a Kossuth t\u00e9ren. Ahogy a szaval\u00f3, \u00fagy Szepesi Krisztina is a Magiszter F\u00e9nyes Adolf Szolnoki Gimn\u00e1ziuma \u00e9s M\u0171v\u00e9szeti Szakgimn\u00e1zium tanul\u00f3ja. Sz\u00e1m\u00e1ra K\u00f6lcsey sorai az \u00f6sszetartoz\u00e1st, a m\u00faltat, a nemzetet \u00e9s a j\u00f6v\u0151t testes\u00edtik meg. <\/p>\n<p>-Ahogy id\u0151s\u00f6dtem egyre k\u00f6zelebb ker\u00fclt hozz\u00e1m, egyre jobban belopta mag\u00e1t a sz\u00edvembe.&#8221;  &#8211;   mondta Szepesi Krisztina Lili.<\/p>\n<p>195 tanul\u00f3 tartotta a Kossuth t\u00e9ren azokat a t\u00e1bl\u00e1kat, amelyekre az 1823 janu\u00e1rj\u00e1ban keletkezett vers sorait \u00edrt\u00e1k. <\/p>\n<p>-Az\u00e9rt \u00e9rzem fontosnak az ilyen nagyobb megmozdul\u00e1sokat, hogy a fiatals\u00e1g is \u00e1t tudja \u00e9lni a magyars\u00e1got.&#8221;  &#8211;   fogalmazott Zsigmond B\u00edborka<\/p>\n<p>A magyars\u00e1gnak eg\u00e9szen a 19. Sz\u00e1zad elej\u00e9ig nem volt saj\u00e1t nemzeti himnusza, majd K\u00f6lcsey foh\u00e1sza k\u00f6zmegegyez\u00e9ssel v\u00e1lt nemzeti im\u00e1ds\u00e1gg\u00e1. A vers sz\u00f6vege 1989-ben lett a Magyar K\u00f6zt\u00e1rsas\u00e1g alkotm\u00e1ny\u00e1nak r\u00e9sze. Az iskola di\u00e1kjai a Magyar Kult\u00fara Napj\u00e1ra, illetve a Himnusz sz\u00fclet\u00e9s\u00e9nek 195. \u00c9vfordul\u00f3j\u00e1ra eml\u00e9keztek.<\/p>\n<p>-Rendhagy\u00f3 m\u00f3don pr\u00f3b\u00e1ltuk meg\u00fcnnepelni, \u00edgy sokkal k\u00f6zelebb tudjuk hozni p\u00e9ld\u00e1ul a Himnuszt, ami ugye 195, kimondani is olyan neh\u00e9z, hogy 195 \u00e9ve \u00edr\u00f3dott. Meg\u00e9rintj\u00fck \u0151ket, nem csak \u0151ket, hanem a k\u00f6rnyezet\u00fcnket is.&#8221;  &#8211;   emelte P\u00e1ncsics Edina tagint\u00e9zm\u00e9ny vezet\u0151.<\/p>\n<p>Magyarorsz\u00e1g 2012. janu\u00e1r 1-j\u00e9n \u00e9letbe l\u00e9pett Alapt\u00f6rv\u00e9ny\u00e9nek preambuluma a Himnusz moderniz\u00e1lt els\u0151 sor\u00e1val kezd\u0151dik. A Himnusz sz\u00f6veg\u00e9nek sz\u00fclet\u00e9snapja, janu\u00e1r 22-e egyben a magyar kult\u00fara napja\u00a0is.<\/p>\n<div style=\"width: 640px;\" class=\"wp-video\"><!--[if lt IE 9]><script>document.createElement('video');<\/script><![endif]-->\n<video class=\"wp-video-shortcode\" id=\"video-7993-1\" width=\"640\" height=\"360\" preload=\"metadata\" controls=\"controls\"><source type=\"video\/mp4\" src=\"\/spots\/hir\/hir_180122_06.mp4?_=1\" \/><a href=\"\/spots\/hir\/hir_180122_06.mp4\">\/spots\/hir\/hir_180122_06.mp4<\/a><\/video><\/div>\n","protected":false},"excerpt":{"rendered":"<p>195 \u00e9v \u00e9s ugyanennyi torok. A Himnusz sz\u00fclet\u00e9s\u00e9nek \u00e9vfordul\u00f3ja, illetve a Magyar Kult\u00fara Napja el\u0151tt tisztelgett k\u00f6zel 200 szolnoki k\u00f6z\u00e9piskol\u00e1s, akik egy emberk\u00e9nt szavalj\u00e1k nemzeti im\u00e1ds\u00e1gunkat a v\u00e1ros f\u0151ter\u00e9n. A flashmobon egy megafon \u00e9s t\u00f6bb t\u00e1bla is el\u0151ker\u00fclt, amelyek seg\u00edts\u00e9g\u00e9vel a 21. sz\u00e1zad fiatals\u00e1ga sz\u00e1m\u00e1ra k\u00f6nnyebben befogadhat\u00f3v\u00e1 v\u00e1lt K\u00f6lcsey Ferenc alkot\u00e1sa. -Isten, \u00e1ldd meg a [&hellip;]<\/p>\n","protected":false},"author":2,"featured_media":0,"comment_status":"closed","ping_status":"closed","sticky":false,"template":"","format":"standard","meta":[],"categories":[9],"tags":[],"_links":{"self":[{"href":"http:\/\/archiv.szolnoktv.hu\/index.php?rest_route=\/wp\/v2\/posts\/7993"}],"collection":[{"href":"http:\/\/archiv.szolnoktv.hu\/index.php?rest_route=\/wp\/v2\/posts"}],"about":[{"href":"http:\/\/archiv.szolnoktv.hu\/index.php?rest_route=\/wp\/v2\/types\/post"}],"author":[{"embeddable":true,"href":"http:\/\/archiv.szolnoktv.hu\/index.php?rest_route=\/wp\/v2\/users\/2"}],"replies":[{"embeddable":true,"href":"http:\/\/archiv.szolnoktv.hu\/index.php?rest_route=%2Fwp%2Fv2%2Fcomments&post=7993"}],"version-history":[{"count":1,"href":"http:\/\/archiv.szolnoktv.hu\/index.php?rest_route=\/wp\/v2\/posts\/7993\/revisions"}],"predecessor-version":[{"id":8002,"href":"http:\/\/archiv.szolnoktv.hu\/index.php?rest_route=\/wp\/v2\/posts\/7993\/revisions\/8002"}],"wp:attachment":[{"href":"http:\/\/archiv.szolnoktv.hu\/index.php?rest_route=%2Fwp%2Fv2%2Fmedia&parent=7993"}],"wp:term":[{"taxonomy":"category","embeddable":true,"href":"http:\/\/archiv.szolnoktv.hu\/index.php?rest_route=%2Fwp%2Fv2%2Fcategories&post=7993"},{"taxonomy":"post_tag","embeddable":true,"href":"http:\/\/archiv.szolnoktv.hu\/index.php?rest_route=%2Fwp%2Fv2%2Ftags&post=7993"}],"curies":[{"name":"wp","href":"https:\/\/api.w.org\/{rel}","templated":true}]}}