{"id":7992,"date":"2018-01-22T16:08:59","date_gmt":"2018-01-22T16:08:59","guid":{"rendered":"http:\/\/archiv.szolnoktv.hu\/?p=7992"},"modified":"2021-08-13T17:55:43","modified_gmt":"2021-08-13T17:55:43","slug":"megkezdodtek-a-kozepiskolai-felvetelik","status":"publish","type":"post","link":"http:\/\/archiv.szolnoktv.hu\/?p=7992","title":{"rendered":"Megkezd\u0151dtek a k\u00f6z\u00e9piskolai felv\u00e9telik"},"content":{"rendered":"<div class='booster-block booster-read-block'><\/div><p>Megkezd\u0151dtek a k\u00f6z\u00e9piskolai felv\u00e9teli vizsg\u00e1k. Szombaton 10 \u00f3rakor magyar nyelvb\u0151l, 11 \u00f3rakor pedig matematik\u00e1b\u00f3l t\u00f6lt\u00f6tt\u00e9k ki az els\u0151 feladatlapokat a di\u00e1kok. Mindk\u00e9t tant\u00e1rgyb\u00f3l 45-45 perc \u00e1llt rendelkez\u00e9s\u00fckre. <\/p>\n<p>A legt\u00f6bb 8. oszt\u00e1lyos di\u00e1k sz\u00e1m\u00e1ra \u00e9lete els\u0151 vizsgaszitu\u00e1ci\u00f3j\u00e1t a k\u00f6z\u00e9piskolai felv\u00e9teli feladatsor kit\u00f6lt\u00e9se jelenti. Szombaton erre ker\u00fclt sor a v\u00e1ros t\u00f6bb oktat\u00e1si int\u00e9zm\u00e9ny\u00e9ben. A Verseghy Ferenc Gimn\u00e1ziumba 20 iskol\u00e1b\u00f3l, k\u00f6r\u00fclbel\u00fcl 150 gyerek \u00e9rkezett.<\/p>\n<p>-Igyeksz\u00fcnk gyorsan kijav\u00edtani, szerd\u00e1ra, ha minden j\u00f3l megy, akkor rendelkez\u00e9s\u00fcnkre \u00e1llnak az eredm\u00e9nyek. J\u00f6hetnek a gyerekek, a sz\u00fcl\u0151k megtekinteni a dolgozataikat, illetve akkor adjuk \u00e1t az \u00e9rt\u00e9kel\u0151 lapot, amit majd csatolniuk kell a jelentkez\u00e9si laphoz. Febru\u00e1r 15-ig kell jelentkezni\u00fck \u00e9s bizony ez egy hossz\u00fa elj\u00e1r\u00e1s. N\u00e1lunk is lesz m\u00e9g sz\u00f3beli vizsga \u00e9s a k\u00f6zpont valamikor \u00e1prilis m\u00e1sodik fel\u00e9ben fog d\u00f6nt\u00e9st hozni, hogy ki, melyik k\u00f6z\u00e9piskol\u00e1ba ker\u00fcl be.&#8221; -nyilatkozta Pog\u00e1ny Gyula, a Verseghy Ferenc Gimn\u00e1zium igazgat\u00f3ja.<\/p>\n<p>A Sz\u00e9chenyi Istv\u00e1n Gimn\u00e1zium \u00edr\u00e1sbeli felv\u00e9teli vizsg\u00e1ira a megye legt\u00e1volabbi pontjair\u00f3l is \u00e9rkeztek. 250 gyermek jelentkezett be a szombati napra. A feladatsorok meg\u00edr\u00e1s\u00e1ra nemcsak ez az egy nap \u00e1llt rendelkez\u00e9sre. Akadnak olyan tanul\u00f3k, akik 25-\u00e9n, a p\u00f3tl\u00f3 felv\u00e9teli napon adhatnak sz\u00e1mot tud\u00e1sukr\u00f3l.<\/p>\n<p>-Ez m\u00e9g csak a felv\u00e9teli els\u0151 l\u00e9pcs\u0151je. Az az igazs\u00e1g, hogy most, amikor ezt megkapj\u00e1k a kez\u00fckbe, m\u00e9g van tal\u00e1n egy het\u00fck arra, hogy m\u00f3dos\u00edthatnak azokon a lapokon, amiket az \u00e1ltal\u00e1nos iskol\u00e1kban kit\u00f6ltenek, teh\u00e1t most t\u00f6rt\u00e9nik meg a k\u00f6z\u00e9piskol\u00e1kba val\u00f3 jelentkez\u00e9si lapoknak a kit\u00f6lt\u00e9se. Most meg\u00edrt\u00e1k az \u00edr\u00e1sbeli felv\u00e9teli dolgozatokat, ezeknek az eredm\u00e9ny\u00e9r\u0151l sz\u00f3l\u00f3 tan\u00fas\u00edtv\u00e1nyt kell majd csatolniuk azokhoz az int\u00e9zm\u00e9nyi jelentkez\u00e9si lapokhoz, ahol ez elv\u00e1r\u00e1s a bejut\u00e1shoz. \u00c9s az ut\u00e1n, hogy jelentkeztek, m\u00e9g vannak olyan \u00fajabb fordul\u00f3k a legt\u00f6bb int\u00e9zm\u00e9nyben, amelyek m\u00e9g ez ut\u00e1n k\u00f6vetkeznek.&#8221; -nyilatkozta De\u00e1k L\u00e1szl\u00f3, a Sz\u00e9chenyi Gimn\u00e1zium igazgat\u00f3ja.<\/p>\n<p>A Sz\u00e9chenyi Gimn\u00e1ziumba sz\u00f3beli felv\u00e9telik lesznek m\u00e9g idegen nyelvekb\u0151l, alkalmass\u00e1gi vizsg\u00e1k pedig rajz \u00e9s testnevel\u00e9s t\u00e1rgyakb\u00f3l. Ezekre majd m\u00e1rciusban ker\u00fcl sor. <\/p>\n<p>Kardos Blanka is komolyan vette a felv\u00e9telit:<\/p>\n<p>-H\u00e1t, sokat k\u00e9sz\u00fcltem r\u00e1 \u00e9s a m\u00e1sodik feladatba biztos vagyok, hogy j\u00f3, de a fogalmaz\u00e1s egy picit sok\u00e1ig tartott, de a t\u00f6bbi \u00fagy j\u00f3l ment.&#8221;<\/p>\n<p> A di\u00e1kok t\u00f6bbs\u00e9ge komolyan vette a felk\u00e9sz\u00fcl\u00e9st. K\u00f3kai Doren is.<\/p>\n<p>-K\u00fcl\u00f6n felv\u00e9teli \u00f3r\u00e1kra j\u00e1rtunk \u00e9s nyelvtanos feladatok voltak benne meg fogalmaz\u00e1st kellett \u00edrni. H\u00e1t, neh\u00e9z volt szerintem is.&#8221;<\/p>\n<p>Kinek a magyar, kinek a matematika ment k\u00f6nnyebben. Kov\u00e1cs Berta is \u00edgy gondolja:<\/p>\n<p>-H\u00e1t, a matek az el\u00e9g \u00e9rdekes lesz, \u00e9n \u00fagy hiszem, de a magyar szerintem az k\u00f6nnyebb volt.&#8221;<\/p>\n<p>-\u00c9n csak a magyarra izgultam annyira, hogy mi lesz benne, a matekra annyira nem.&#8221; -mondta Drotter Szabolcs.<\/p>\n<p> A gyerekek \u00edr\u00e1sbeli \u00e9s -adott esetben sz\u00f3beli- teljes\u00edtm\u00e9ny\u00fck alapj\u00e1n ker\u00fclnek rangsorol\u00e1sra. A v\u00e9gleges sorrend a gy\u0151ri k\u00f6zpontban, informatikai rendszer seg\u00edts\u00e9g\u00e9vel d\u0151l el majd \u00e1prilis v\u00e9g\u00e9n.<\/p>\n<div style=\"width: 640px;\" class=\"wp-video\"><!--[if lt IE 9]><script>document.createElement('video');<\/script><![endif]-->\n<video class=\"wp-video-shortcode\" id=\"video-7992-1\" width=\"640\" height=\"360\" preload=\"metadata\" controls=\"controls\"><source type=\"video\/mp4\" src=\"\/spots\/hir\/hir_180122_05.mp4?_=1\" \/><a href=\"\/spots\/hir\/hir_180122_05.mp4\">\/spots\/hir\/hir_180122_05.mp4<\/a><\/video><\/div>\n","protected":false},"excerpt":{"rendered":"<p>Megkezd\u0151dtek a k\u00f6z\u00e9piskolai felv\u00e9teli vizsg\u00e1k. Szombaton 10 \u00f3rakor magyar nyelvb\u0151l, 11 \u00f3rakor pedig matematik\u00e1b\u00f3l t\u00f6lt\u00f6tt\u00e9k ki az els\u0151 feladatlapokat a di\u00e1kok. Mindk\u00e9t tant\u00e1rgyb\u00f3l 45-45 perc \u00e1llt rendelkez\u00e9s\u00fckre. A legt\u00f6bb 8. oszt\u00e1lyos di\u00e1k sz\u00e1m\u00e1ra \u00e9lete els\u0151 vizsgaszitu\u00e1ci\u00f3j\u00e1t a k\u00f6z\u00e9piskolai felv\u00e9teli feladatsor kit\u00f6lt\u00e9se jelenti. Szombaton erre ker\u00fclt sor a v\u00e1ros t\u00f6bb oktat\u00e1si int\u00e9zm\u00e9ny\u00e9ben. A Verseghy Ferenc Gimn\u00e1ziumba [&hellip;]<\/p>\n","protected":false},"author":2,"featured_media":0,"comment_status":"closed","ping_status":"closed","sticky":false,"template":"","format":"standard","meta":[],"categories":[9],"tags":[],"_links":{"self":[{"href":"http:\/\/archiv.szolnoktv.hu\/index.php?rest_route=\/wp\/v2\/posts\/7992"}],"collection":[{"href":"http:\/\/archiv.szolnoktv.hu\/index.php?rest_route=\/wp\/v2\/posts"}],"about":[{"href":"http:\/\/archiv.szolnoktv.hu\/index.php?rest_route=\/wp\/v2\/types\/post"}],"author":[{"embeddable":true,"href":"http:\/\/archiv.szolnoktv.hu\/index.php?rest_route=\/wp\/v2\/users\/2"}],"replies":[{"embeddable":true,"href":"http:\/\/archiv.szolnoktv.hu\/index.php?rest_route=%2Fwp%2Fv2%2Fcomments&post=7992"}],"version-history":[{"count":1,"href":"http:\/\/archiv.szolnoktv.hu\/index.php?rest_route=\/wp\/v2\/posts\/7992\/revisions"}],"predecessor-version":[{"id":8003,"href":"http:\/\/archiv.szolnoktv.hu\/index.php?rest_route=\/wp\/v2\/posts\/7992\/revisions\/8003"}],"wp:attachment":[{"href":"http:\/\/archiv.szolnoktv.hu\/index.php?rest_route=%2Fwp%2Fv2%2Fmedia&parent=7992"}],"wp:term":[{"taxonomy":"category","embeddable":true,"href":"http:\/\/archiv.szolnoktv.hu\/index.php?rest_route=%2Fwp%2Fv2%2Fcategories&post=7992"},{"taxonomy":"post_tag","embeddable":true,"href":"http:\/\/archiv.szolnoktv.hu\/index.php?rest_route=%2Fwp%2Fv2%2Ftags&post=7992"}],"curies":[{"name":"wp","href":"https:\/\/api.w.org\/{rel}","templated":true}]}}