{"id":7990,"date":"2018-01-22T15:20:45","date_gmt":"2018-01-22T15:20:45","guid":{"rendered":"http:\/\/archiv.szolnoktv.hu\/?p=7990"},"modified":"2021-08-13T17:55:43","modified_gmt":"2021-08-13T17:55:43","slug":"sportolokat-koszontottek","status":"publish","type":"post","link":"http:\/\/archiv.szolnoktv.hu\/?p=7990","title":{"rendered":"Sportol\u00f3kat k\u00f6sz\u00f6nt\u00f6ttek"},"content":{"rendered":"<div class='booster-block booster-read-block'><\/div><p>Git\u00e1r \u00e9s \u00e9nek k\u00f6sz\u00f6nt\u00f6tte a v\u00e1ros legkiv\u00e1l\u00f3bb magyar bajnokait, di\u00e1kolimpikonjait \u00e9s edz\u0151iket a V\u00e1rosh\u00e1za d\u00edszterm\u00e9ben. Ma m\u00e1r hagyom\u00e1ny, hogy Szolnok k\u00f6sz\u00f6nti legkiv\u00e1l\u00f3bbjait. A v\u00e1ros kiemelt strat\u00e9giak\u00e9nt tekint az eg\u00e9szs\u00e9gmeg\u0151rz\u00e9sre -mondta Szalay Ferenc. A v\u00e1ros els\u0151 embere hangs\u00falyozta: a feln\u00f6vekv\u0151 gener\u00e1ci\u00f3nak meg kell kapnia a lehet\u0151s\u00e9get arra, hogy eg\u00e9szs\u00e9gesen \u00e9lhessen \u00e9s n\u0151hessen fel.<\/p>\n<p>&#8220;Ehhez van miden napos testnevel\u00e9s az \u00e1ltal\u00e1nos iskol\u00e1ban, van sportiskola, n\u00e9pt\u00e1nc, ut\u00e1np\u00f3tl\u00e1s nevel\u00e9s, t\u00f6bb ezer gyerek mozog ma rendszeresen Szolnok v\u00e1ros\u00e1ban.&#8221; -mondta SZALAY FERENC polg\u00e1rmester.<\/p>\n<p>Az \u00fcnneps\u00e9gen 142 ifj\u00fa sportol\u00f3t \u00e9s sportvezet\u0151t, valamint di\u00e1ksportk\u00f6rt k\u00f6sz\u00f6nt\u00f6ttek. \u00c1ltal\u00e1nos- \u00e9s k\u00f6z\u00e9piskol\u00e1sok sz\u00e1mos sport\u00e1gban. v\u00edv\u00f3k, \u00f6k\u00f6lv\u00edv\u00f3k, a labdaj\u00e1t\u00e9kok \u00e9s a vizek szerelmesei \u0151k, kik mindannyian sokat tettek az\u00e9rt, hogy \u00f6regb\u00edts\u00e9k iskol\u00e1juk \u00e9s v\u00e1rosuk h\u00edrnev\u00e9t.<\/p>\n<p>&#8220;V\u00edvok \u00e9s kett\u0151 \u00e9ve v\u00edvok. Mi\u00e9rt j\u00f3 v\u00edvni? J\u00f3 sport\u00e1g, izgalmas. F\u00e9rfias? Igen.&#8221; -mondta HOFFER K\u00c1ROLY.<\/p>\n<p>&#8220;Ugyan abban, mint tavaly, di\u00e1kolimpia csapatversenyben els\u0151k lett\u00fcnk. neh\u00e9z volt? igen, er\u0151sek az ellenfelek, \u0151k is j\u00f3l tanultak.&#8221; -mondt\u00e1k PESZEKI M\u00c1T\u00c9 \u00e9s S\u00d5REG \u00c1D\u00c1M.<\/p>\n<p>&#8220;\u00c9n kajakban indultam egyesben 500 m\u00e9teren, els\u0151 lettem, a felk\u00e9sz\u00fcl\u00e9s f\u00e1raszt\u00f3 volt, de meghozta a gy\u00fcm\u00f6lcs\u00e9t.&#8221; -mondta NAGY EMESE.<\/p>\n<p>\u00c1ldozatos sz\u00fcl\u0151k, sportvezet\u0151k \u00e9s edz\u0151k n\u00e9lk\u00fcl nincsenek eredm\u00e9nyek. \u00c9pp ez\u00e9rt a legkiv\u00e1l\u00f3bb klubokat, azok vezet\u0151it is k\u00f6sz\u00f6nt\u00f6tt\u00e9k.<\/p>\n<p>&#8220;A felk\u00e9sz\u00fcl\u00e9s mozgalmas volt, mozgalmas a szezon, ami tavaly m\u00f6g\u00f6tt\u00fcnk volt, a k\u00e9t fi\u00fa eligazolt, feln\u0151tt eredm\u00e9nyekben csappantak a lehet\u0151s\u00e9gek, k\u00e9t olyan kaliber, mint a Juh\u00e1sz-Simon p\u00e1ros, hi\u00e1nyzott a csapatb\u00f3l.&#8221; -mondta MOLN\u00c1R DEZS\u00d5 vezet\u0151edz\u0151.<\/p>\n<p>Szalay Ferenc szerint fontos, hogy legyen hol sportolniuk a gyerekeknek. A polg\u00e1rmester ennek jegy\u00e9ben jelentette be, hogy a V\u00e9s\u0151 \u00fati sporttelep \u00e1talak\u00edt\u00e1sa elkezd\u0151d\u00f6tt.<\/p>\n<p>&#8220;Lebontott\u00e1k a lel\u00e1t\u00f3t, az \u00f6k\u00f6lv\u00edv\u00f3 csarnokot, az \u00f6lt\u00f6z\u0151t, egy vadonat\u00faj sportl\u00e9tes\u00edtm\u00e9ny \u00e9p\u00fcl uszod\u00e1val, atl\u00e9tika p\u00e1ly\u00e1val. Belev\u00e1gtunk, \u00e9s egy \u00e9v m\u00falva k\u00e9sz is lesz v\u00edv\u00f3 csarnokost\u00f3l, sat\u00f6bbi, sat\u00f6bbi.&#8221; -folytatta SZALAY FERENC polg\u00e1rmester.<\/p>\n<p>A fiataloknak p\u00e9ldak\u00e9pre van sz\u00fcks\u00e9g\u00fck, \u00e1m ezek a p\u00e9ldak\u00e9pek nem csak a feln\u0151tt sport\u00e1gakban tal\u00e1lhat\u00f3k meg. Azok a di\u00e1kok, akik ma elismer\u00e9sben r\u00e9szes\u00fcltek ugyan \u00fagy p\u00e9ldak\u00e9pei lehetnek t\u00e1rsaiknak, mint vil\u00e1gbajnokaink.<br \/>\n<br \/>\n<div style=\"width: 640px;\" class=\"wp-video\"><!--[if lt IE 9]><script>document.createElement('video');<\/script><![endif]-->\n<video class=\"wp-video-shortcode\" id=\"video-7990-1\" width=\"640\" height=\"360\" preload=\"metadata\" controls=\"controls\"><source type=\"video\/mp4\" src=\"\/spots\/hir\/hir_180122_02.mp4?_=1\" \/><a href=\"\/spots\/hir\/hir_180122_02.mp4\">\/spots\/hir\/hir_180122_02.mp4<\/a><\/video><\/div><\/p>\n","protected":false},"excerpt":{"rendered":"<p>Git\u00e1r \u00e9s \u00e9nek k\u00f6sz\u00f6nt\u00f6tte a v\u00e1ros legkiv\u00e1l\u00f3bb magyar bajnokait, di\u00e1kolimpikonjait \u00e9s edz\u0151iket a V\u00e1rosh\u00e1za d\u00edszterm\u00e9ben. Ma m\u00e1r hagyom\u00e1ny, hogy Szolnok k\u00f6sz\u00f6nti legkiv\u00e1l\u00f3bbjait. A v\u00e1ros kiemelt strat\u00e9giak\u00e9nt tekint az eg\u00e9szs\u00e9gmeg\u0151rz\u00e9sre -mondta Szalay Ferenc. A v\u00e1ros els\u0151 embere hangs\u00falyozta: a feln\u00f6vekv\u0151 gener\u00e1ci\u00f3nak meg kell kapnia a lehet\u0151s\u00e9get arra, hogy eg\u00e9szs\u00e9gesen \u00e9lhessen \u00e9s n\u0151hessen fel. &#8220;Ehhez van miden [&hellip;]<\/p>\n","protected":false},"author":2,"featured_media":0,"comment_status":"closed","ping_status":"closed","sticky":false,"template":"","format":"standard","meta":[],"categories":[9],"tags":[],"_links":{"self":[{"href":"http:\/\/archiv.szolnoktv.hu\/index.php?rest_route=\/wp\/v2\/posts\/7990"}],"collection":[{"href":"http:\/\/archiv.szolnoktv.hu\/index.php?rest_route=\/wp\/v2\/posts"}],"about":[{"href":"http:\/\/archiv.szolnoktv.hu\/index.php?rest_route=\/wp\/v2\/types\/post"}],"author":[{"embeddable":true,"href":"http:\/\/archiv.szolnoktv.hu\/index.php?rest_route=\/wp\/v2\/users\/2"}],"replies":[{"embeddable":true,"href":"http:\/\/archiv.szolnoktv.hu\/index.php?rest_route=%2Fwp%2Fv2%2Fcomments&post=7990"}],"version-history":[{"count":1,"href":"http:\/\/archiv.szolnoktv.hu\/index.php?rest_route=\/wp\/v2\/posts\/7990\/revisions"}],"predecessor-version":[{"id":8005,"href":"http:\/\/archiv.szolnoktv.hu\/index.php?rest_route=\/wp\/v2\/posts\/7990\/revisions\/8005"}],"wp:attachment":[{"href":"http:\/\/archiv.szolnoktv.hu\/index.php?rest_route=%2Fwp%2Fv2%2Fmedia&parent=7990"}],"wp:term":[{"taxonomy":"category","embeddable":true,"href":"http:\/\/archiv.szolnoktv.hu\/index.php?rest_route=%2Fwp%2Fv2%2Fcategories&post=7990"},{"taxonomy":"post_tag","embeddable":true,"href":"http:\/\/archiv.szolnoktv.hu\/index.php?rest_route=%2Fwp%2Fv2%2Ftags&post=7990"}],"curies":[{"name":"wp","href":"https:\/\/api.w.org\/{rel}","templated":true}]}}