{"id":7989,"date":"2018-01-22T15:19:01","date_gmt":"2018-01-22T15:19:01","guid":{"rendered":"http:\/\/archiv.szolnoktv.hu\/?p=7989"},"modified":"2021-08-13T17:55:43","modified_gmt":"2021-08-13T17:55:43","slug":"ulesezett-a-penzugyi-bizottsag-2","status":"publish","type":"post","link":"http:\/\/archiv.szolnoktv.hu\/?p=7989","title":{"rendered":"\u00dcl\u00e9sezett a p\u00e9nz\u00fcgyi bizotts\u00e1g<br>"},"content":{"rendered":"<div class='booster-block booster-read-block'><\/div><p>\u00daj k\u00f6zt\u00e9ri szoborral gazdagodik ism\u00e9t a v\u00e1ros. Err\u0151l a p\u00e9nz\u00fcgyi bizotts\u00e1g  t\u00e1rgyalt h\u00e9tf\u0151 reggeli \u00fcl\u00e9s\u00e9n. <\/p>\n<p>BAGDI S\u00c1NDORN\u00c9 a p\u00e9nz\u00fcgyi bizotts\u00e1g eln\u00f6ke elmondta: <\/p>\n<p>-&#8220;Pog\u00e1ny G\u00e1bor Ben\u0151 szobr\u00e1szm\u0171v\u00e9sz egy \u00fajabb szobrot fog elk\u00e9sz\u00edteni, ami Himfy Ferencet \u00e1br\u00e1zolja majd. Ezt a szobrot az E\u00f6tv\u00f6s t\u00e9ren tervezz\u00fck fel\u00e1ll\u00edtani. Teljes k\u00f6lts\u00e9ge 12 milli\u00f3 forint +\u00c1FA. Egy felaj\u00e1nl\u00e1s nyom\u00e1n egy KFT. a teljes k\u00f6lts\u00e9get \u00e1tv\u00e1llalta. A szobrot \u00f6nkorm\u00e1nyzatunk tulajdon\u00e1ba \u00e1tadja \u00e9s csak a fenntart\u00e1sa fog p\u00e9nzbe ker\u00fclni. &#8211;<\/p>\n<p>Himfy Ferenc r\u00f3mai katolikus pl\u00e9b\u00e1nos ,1970-ben vette \u00e1t Szolnokon a J\u00e9zus Sz\u00edve pl\u00e9b\u00e1ni\u00e1t, ahonnan 1995-ben vonult nyug\u00e1llom\u00e1nyba \u00e9s  2001. m\u00e1jus 4-\u00e9n hunyt el Szolnokon. A bizotts\u00e1g tagjai  egyhang\u00falag t\u00e1mogatt\u00e1k a Csal\u00e1dok \u00c1tmeneti Otthon\u00e1nak fejleszt\u00e9s\u00e9r\u0151l sz\u00f3l\u00f3 el\u0151terjeszt\u00e9st is. <\/p>\n<p>-&#8220;A Csal\u00e1dok \u00c1tmeneti Otthona jelenleg is m\u0171k\u00f6dik a  M\u00c1V j\u00e1rm\u0171jav\u00edt\u00f3 \u00dczem egykori \u00f3vod\u00e1j\u00e1nak ter\u00fclet\u00e9n mintegy 1100 n\u00e9gyzetm\u00e9teren. Ez a ter\u00fclet a M\u00c1V ter\u00fclete, b\u00e9reli az \u00f6nkorm\u00e1nyzat, a fenntart\u00e1st pedig a Magyar \u00d6kumenikus Seg\u00e9lyszervezet \u00e1ltal biztos\u00edtott. Ez a  nyertes p\u00e1ly\u00e1zat mintegy  74 milli\u00f3 forintot jelent. Ez azt a c\u00e9lt szolg\u00e1lja, hogy a jelenlegi ell\u00e1t\u00e1s sz\u00ednvonal\u00e1t emelj\u00e9k&#8221;-tette hozz\u00e1 az eln\u00f6k. <\/p>\n<p> A tervek szerint \u00e1talak\u00edtj\u00e1k majd a konyh\u00e1t, kicser\u00e9lik az els\u0151  ny\u00edl\u00e1sz\u00e1r\u00f3kat \u00e9s akad\u00e1lymentes\u00edtik is az otthont. <\/p>\n<div style=\"width: 640px;\" class=\"wp-video\"><!--[if lt IE 9]><script>document.createElement('video');<\/script><![endif]-->\n<video class=\"wp-video-shortcode\" id=\"video-7989-1\" width=\"640\" height=\"360\" preload=\"metadata\" controls=\"controls\"><source type=\"video\/mp4\" src=\"\/spots\/hir\/hir_180122_01.mp4?_=1\" \/><a href=\"\/spots\/hir\/hir_180122_01.mp4\">\/spots\/hir\/hir_180122_01.mp4<\/a><\/video><\/div>\n","protected":false},"excerpt":{"rendered":"<p>\u00daj k\u00f6zt\u00e9ri szoborral gazdagodik ism\u00e9t a v\u00e1ros. Err\u0151l a p\u00e9nz\u00fcgyi bizotts\u00e1g t\u00e1rgyalt h\u00e9tf\u0151 reggeli \u00fcl\u00e9s\u00e9n. BAGDI S\u00c1NDORN\u00c9 a p\u00e9nz\u00fcgyi bizotts\u00e1g eln\u00f6ke elmondta: -&#8220;Pog\u00e1ny G\u00e1bor Ben\u0151 szobr\u00e1szm\u0171v\u00e9sz egy \u00fajabb szobrot fog elk\u00e9sz\u00edteni, ami Himfy Ferencet \u00e1br\u00e1zolja majd. Ezt a szobrot az E\u00f6tv\u00f6s t\u00e9ren tervezz\u00fck fel\u00e1ll\u00edtani. Teljes k\u00f6lts\u00e9ge 12 milli\u00f3 forint +\u00c1FA. Egy felaj\u00e1nl\u00e1s nyom\u00e1n egy KFT. [&hellip;]<\/p>\n","protected":false},"author":2,"featured_media":0,"comment_status":"closed","ping_status":"closed","sticky":false,"template":"","format":"standard","meta":[],"categories":[9],"tags":[],"_links":{"self":[{"href":"http:\/\/archiv.szolnoktv.hu\/index.php?rest_route=\/wp\/v2\/posts\/7989"}],"collection":[{"href":"http:\/\/archiv.szolnoktv.hu\/index.php?rest_route=\/wp\/v2\/posts"}],"about":[{"href":"http:\/\/archiv.szolnoktv.hu\/index.php?rest_route=\/wp\/v2\/types\/post"}],"author":[{"embeddable":true,"href":"http:\/\/archiv.szolnoktv.hu\/index.php?rest_route=\/wp\/v2\/users\/2"}],"replies":[{"embeddable":true,"href":"http:\/\/archiv.szolnoktv.hu\/index.php?rest_route=%2Fwp%2Fv2%2Fcomments&post=7989"}],"version-history":[{"count":1,"href":"http:\/\/archiv.szolnoktv.hu\/index.php?rest_route=\/wp\/v2\/posts\/7989\/revisions"}],"predecessor-version":[{"id":8006,"href":"http:\/\/archiv.szolnoktv.hu\/index.php?rest_route=\/wp\/v2\/posts\/7989\/revisions\/8006"}],"wp:attachment":[{"href":"http:\/\/archiv.szolnoktv.hu\/index.php?rest_route=%2Fwp%2Fv2%2Fmedia&parent=7989"}],"wp:term":[{"taxonomy":"category","embeddable":true,"href":"http:\/\/archiv.szolnoktv.hu\/index.php?rest_route=%2Fwp%2Fv2%2Fcategories&post=7989"},{"taxonomy":"post_tag","embeddable":true,"href":"http:\/\/archiv.szolnoktv.hu\/index.php?rest_route=%2Fwp%2Fv2%2Ftags&post=7989"}],"curies":[{"name":"wp","href":"https:\/\/api.w.org\/{rel}","templated":true}]}}