{"id":7986,"date":"2018-01-19T16:42:00","date_gmt":"2018-01-19T16:42:00","guid":{"rendered":"http:\/\/archiv.szolnoktv.hu\/?p=7986"},"modified":"2021-08-13T17:55:44","modified_gmt":"2021-08-13T17:55:44","slug":"emelne-a-kozszfera-illetmenyalapjat-a-jobbik","status":"publish","type":"post","link":"http:\/\/archiv.szolnoktv.hu\/?p=7986","title":{"rendered":"Emeln\u00e9 a k\u00f6zszf\u00e9ra illetm\u00e9nyalapj\u00e1t a Jobbik"},"content":{"rendered":"<div class='booster-block booster-read-block'><\/div><p>December \u00f3ta uralja a k\u00f6zbesz\u00e9det, hogy a v\u00e1laszt\u00e1sok ut\u00e1n jelent\u0151s le\u00e9p\u00edt\u00e9sek k\u00f6vetkeznek a k\u00f6zszf\u00e9r\u00e1ban  &#8211;   mondta a Jobbik \u00f6nkorm\u00e1nyzati k\u00e9pvisel\u0151je Szolnokon. Kiss Gabriella \u00fagy fogalmazott: a Nemzetgazdas\u00e1gi Miniszt\u00e9rium 5 milli\u00e1rd forint EU-s t\u00e1mogat\u00e1st nyert, amit 3 \u00e9ven bel\u00fcl a l\u00e9tsz\u00e1mle\u00e9p\u00edt\u00e9s kezel\u00e9s\u00e9re kell ford\u00edtania, illetve Demj\u00e1n S\u00e1ndor is azt nyilatkozta, hogy 350 ezer felesleges k\u00f6zalkalmazott van az orsz\u00e1gban.  <\/p>\n<p>-K\u00f6zszolg\u00e1nak lenni ma nem preszt\u00edzs, hanem egyenl\u0151 a szeg\u00e9nys\u00e9ggel.&#8221;<\/p>\n<p>Kiss Gabriella arra is utalt, hogy a befagyasztott b\u00e9rek miatt a napokban meghirdetett munkabesz\u00fcntet\u00e9shez az \u00f6nkorm\u00e1nyzati dolgoz\u00f3k 40 sz\u00e1zal\u00e9ka csatlakozott orsz\u00e1gszerte. A k\u00f6zszolg\u00e1lati dolgoz\u00f3k jelenlegi \u00e9letp\u00e1lyamodellje a garant\u00e1lt b\u00e9rminimummal \u00e9s a minim\u00e1lb\u00e9rrel egyenl\u0151.  &#8211;   hangs\u00falyozta a politikus<\/p>\n<p>-Ha keveset keres valaki, akkor kev\u00e9s nyugd\u00edja is lesz, \u00edgy eg\u00e9sz \u00e9let\u00e9ben egy k\u00f6zszolg\u00e1nak jelen pillanatban a szeg\u00e9nys\u00e9g van bek\u00f3dolva az \u00e9let\u00e9be. Ezen v\u00e1ltoztatni kell. A jobbik azt \u00fczeni: El\u00e9g volt a 10 \u00e9ves megal\u00e1ztat\u00e1sb\u00f3l, a b\u00e9rt\u00e1bl\u00e1kat rendezni kell, 20 sz\u00e1zal\u00e9kos egyetemleges illetm\u00e9nyalap emel\u00e9sre van sz\u00fcks\u00e9g.&#8221;  &#8211;   mondta Kiss Gabriella<\/p>\n<p>A Jobbikos k\u00e9pvisel\u0151 felh\u00edvta a figyelmet a Magyar Szocialista P\u00e1rt szerinte f\u00e9lrevezet\u0151 kommunik\u00e1ci\u00f3j\u00e1ra is, ugyanis \u00e1ll\u00e1spontja szerint a baloldali p\u00e1rt \u00e9s az IMF k\u00f6z\u00f6s meg\u00e1llapod\u00e1s\u00e1val az MSZP m\u00e1r 2008-ban befagyasztotta a k\u00f6zszf\u00e9ra b\u00e9reit. <\/p>\n<div style=\"width: 640px;\" class=\"wp-video\"><!--[if lt IE 9]><script>document.createElement('video');<\/script><![endif]-->\n<video class=\"wp-video-shortcode\" id=\"video-7986-1\" width=\"640\" height=\"360\" preload=\"metadata\" controls=\"controls\"><source type=\"video\/mp4\" src=\"\/spots\/hir\/hir_180119_03.mp4?_=1\" \/><a href=\"\/spots\/hir\/hir_180119_03.mp4\">\/spots\/hir\/hir_180119_03.mp4<\/a><\/video><\/div>\n","protected":false},"excerpt":{"rendered":"<p>December \u00f3ta uralja a k\u00f6zbesz\u00e9det, hogy a v\u00e1laszt\u00e1sok ut\u00e1n jelent\u0151s le\u00e9p\u00edt\u00e9sek k\u00f6vetkeznek a k\u00f6zszf\u00e9r\u00e1ban &#8211; mondta a Jobbik \u00f6nkorm\u00e1nyzati k\u00e9pvisel\u0151je Szolnokon. Kiss Gabriella \u00fagy fogalmazott: a Nemzetgazdas\u00e1gi Miniszt\u00e9rium 5 milli\u00e1rd forint EU-s t\u00e1mogat\u00e1st nyert, amit 3 \u00e9ven bel\u00fcl a l\u00e9tsz\u00e1mle\u00e9p\u00edt\u00e9s kezel\u00e9s\u00e9re kell ford\u00edtania, illetve Demj\u00e1n S\u00e1ndor is azt nyilatkozta, hogy 350 ezer felesleges k\u00f6zalkalmazott van [&hellip;]<\/p>\n","protected":false},"author":2,"featured_media":0,"comment_status":"closed","ping_status":"closed","sticky":false,"template":"","format":"standard","meta":[],"categories":[9],"tags":[],"_links":{"self":[{"href":"http:\/\/archiv.szolnoktv.hu\/index.php?rest_route=\/wp\/v2\/posts\/7986"}],"collection":[{"href":"http:\/\/archiv.szolnoktv.hu\/index.php?rest_route=\/wp\/v2\/posts"}],"about":[{"href":"http:\/\/archiv.szolnoktv.hu\/index.php?rest_route=\/wp\/v2\/types\/post"}],"author":[{"embeddable":true,"href":"http:\/\/archiv.szolnoktv.hu\/index.php?rest_route=\/wp\/v2\/users\/2"}],"replies":[{"embeddable":true,"href":"http:\/\/archiv.szolnoktv.hu\/index.php?rest_route=%2Fwp%2Fv2%2Fcomments&post=7986"}],"version-history":[{"count":1,"href":"http:\/\/archiv.szolnoktv.hu\/index.php?rest_route=\/wp\/v2\/posts\/7986\/revisions"}],"predecessor-version":[{"id":8009,"href":"http:\/\/archiv.szolnoktv.hu\/index.php?rest_route=\/wp\/v2\/posts\/7986\/revisions\/8009"}],"wp:attachment":[{"href":"http:\/\/archiv.szolnoktv.hu\/index.php?rest_route=%2Fwp%2Fv2%2Fmedia&parent=7986"}],"wp:term":[{"taxonomy":"category","embeddable":true,"href":"http:\/\/archiv.szolnoktv.hu\/index.php?rest_route=%2Fwp%2Fv2%2Fcategories&post=7986"},{"taxonomy":"post_tag","embeddable":true,"href":"http:\/\/archiv.szolnoktv.hu\/index.php?rest_route=%2Fwp%2Fv2%2Ftags&post=7986"}],"curies":[{"name":"wp","href":"https:\/\/api.w.org\/{rel}","templated":true}]}}