{"id":7985,"date":"2018-01-19T16:32:58","date_gmt":"2018-01-19T16:32:58","guid":{"rendered":"http:\/\/archiv.szolnoktv.hu\/?p=7985"},"modified":"2021-08-13T17:55:44","modified_gmt":"2021-08-13T17:55:44","slug":"megnyilt-a-plusz-pont-kozossegi-haz","status":"publish","type":"post","link":"http:\/\/archiv.szolnoktv.hu\/?p=7985","title":{"rendered":"Megny\u00edlt a Plusz Pont K\u00f6z\u00f6ss\u00e9gi H\u00e1z"},"content":{"rendered":"<div class='booster-block booster-read-block'><\/div><p>A Hild Viktor \u00fat 1.sz\u00e1m alatt ny\u00edlt meg az \u00c9N IS VAGYOK! Mozg\u00e1ss\u00e9r\u00fclt Gener\u00e1ci\u00f3k \u00c9rdekv\u00e9delmi Egyes\u00fclet k\u00f6z\u00f6ss\u00e9gi h\u00e1za. Az ingatlant a v\u00e1rosi \u00f6nkorm\u00e1nyzatt\u00f3l tart\u00f3s haszn\u00e1latra kapta az \u00f6t \u00e9ve tev\u00e9kenyked\u0151 egyes\u00fclet. Feh\u00e9rv\u00e1ry T\u00fcnde eln\u00f6k elmondta: az \u00e9p\u00fcletet teljesen \u00e1t kellett alak\u00edtani, \u00e1m ez alig ker\u00fclt p\u00e9nz\u00fckbe. T\u00f6bb szolnoki v\u00e1llalkoz\u00f3t megkerestek \u00e9s szinte kiv\u00e9tel n\u00e9lk\u00fcl mindenki seg\u00edtett  &#8211; t\u00e1rgyi adom\u00e1nnyal, p\u00e9nzzel, vagy \u00e9ppen fizikai munk\u00e1val. <\/p>\n<p>-A sok seg\u00edts\u00e9g \u00e9s az \u00f6nk\u00e9ntes munka \u00e9rt\u00e9ke k\u00f6r\u00fclbel\u00fcl egy milli\u00f3 forintra tehet\u0151. Az egyes\u00fcletnek vagyoni \u00e9rt\u00e9k\u0171 beruh\u00e1z\u00e1sa, teh\u00e1t amit az egyes\u00fclet mint non-profit szervezet nem \u00e1llunk \u00fagy anyagilag, hogy nagyobb \u00f6sszeget tudjunk erre ford\u00edtani, 200 ezer forint volt csak.&#8221; &#8211; mondta Feh\u00e9rv\u00e1ry T\u00fcnde, eln\u00f6k. <\/p>\n<p>Az egyes\u00fclet a s\u00e9r\u00fclt gyerekeket nevel\u0151 csal\u00e1doknak, fogyat\u00e9kkal \u00e9l\u0151 fiataloknak \u00e9s feln\u0151tteknek biztos\u00edt komplex szolg\u00e1ltat\u00e1st. Tev\u00e9kenys\u00e9gi k\u00f6r\u00fck \u00e9vr\u0151l-\u00e9vre b\u0151v\u00fcl, ez\u00e1ltal az \u00fcgyfelek sz\u00e1ma is folyamatosan n\u0151. Ma m\u00e1r 12 megv\u00e1ltozott munkak\u00e9pess\u00e9g\u0171 dolgoz\u00f3 int\u00e9zi az egyes\u00fclet \u00fcgyeit. Egyel\u0151re a k\u00f6z\u00f6ss\u00e9gi h\u00e1zat szeretn\u00e9k teljesen befejezni. <\/p>\n<p>-Szakmunk\u00e1ban hi\u00e1nyzik egy fest\u0151, az \u00e1lmennyezetet le kellene glettelni, a f\u00fcrd\u0151szob\u00e1t kellene befejezni, egy szalagf\u00fcgg\u00f6ny, hogy el tudjuk v\u00e1lasztani a fejleszt\u0151, irodai r\u00e9szt.&#8221; &#8211; tette hozz\u00e1 az eln\u00f6k. <\/p>\n<p>A Sz\u00e9chenyi lak\u00f3telepi k\u00f6z\u00f6ss\u00e9gi h\u00e1zban h\u00e9tf\u0151n \u00e9s szerd\u00e1n d\u00e9lut\u00e1nonk\u00e9nt v\u00e1rj\u00e1k az \u00fcgyfeleket, de egyedi id\u0151pont is ig\u00e9nyelhet\u0151.  Az irod\u00e1ban teljes k\u00f6r\u0171 fogyat\u00e9kos \u00fcgyi, pszichol\u00f3giai t\u00e1j\u00e9koztat\u00e1s, jogi tan\u00e1csad\u00e1s k\u00e9rhet\u0151. <\/p>\n<div style=\"width: 640px;\" class=\"wp-video\"><!--[if lt IE 9]><script>document.createElement('video');<\/script><![endif]-->\n<video class=\"wp-video-shortcode\" id=\"video-7985-1\" width=\"640\" height=\"360\" preload=\"metadata\" controls=\"controls\"><source type=\"video\/mp4\" src=\"\/spots\/hir\/hir_180118_02.mp4?_=1\" \/><a href=\"\/spots\/hir\/hir_180118_02.mp4\">\/spots\/hir\/hir_180118_02.mp4<\/a><\/video><\/div>\n","protected":false},"excerpt":{"rendered":"<p>A Hild Viktor \u00fat 1.sz\u00e1m alatt ny\u00edlt meg az \u00c9N IS VAGYOK! Mozg\u00e1ss\u00e9r\u00fclt Gener\u00e1ci\u00f3k \u00c9rdekv\u00e9delmi Egyes\u00fclet k\u00f6z\u00f6ss\u00e9gi h\u00e1za. Az ingatlant a v\u00e1rosi \u00f6nkorm\u00e1nyzatt\u00f3l tart\u00f3s haszn\u00e1latra kapta az \u00f6t \u00e9ve tev\u00e9kenyked\u0151 egyes\u00fclet. Feh\u00e9rv\u00e1ry T\u00fcnde eln\u00f6k elmondta: az \u00e9p\u00fcletet teljesen \u00e1t kellett alak\u00edtani, \u00e1m ez alig ker\u00fclt p\u00e9nz\u00fckbe. T\u00f6bb szolnoki v\u00e1llalkoz\u00f3t megkerestek \u00e9s szinte kiv\u00e9tel n\u00e9lk\u00fcl mindenki [&hellip;]<\/p>\n","protected":false},"author":2,"featured_media":0,"comment_status":"closed","ping_status":"closed","sticky":false,"template":"","format":"standard","meta":[],"categories":[9],"tags":[],"_links":{"self":[{"href":"http:\/\/archiv.szolnoktv.hu\/index.php?rest_route=\/wp\/v2\/posts\/7985"}],"collection":[{"href":"http:\/\/archiv.szolnoktv.hu\/index.php?rest_route=\/wp\/v2\/posts"}],"about":[{"href":"http:\/\/archiv.szolnoktv.hu\/index.php?rest_route=\/wp\/v2\/types\/post"}],"author":[{"embeddable":true,"href":"http:\/\/archiv.szolnoktv.hu\/index.php?rest_route=\/wp\/v2\/users\/2"}],"replies":[{"embeddable":true,"href":"http:\/\/archiv.szolnoktv.hu\/index.php?rest_route=%2Fwp%2Fv2%2Fcomments&post=7985"}],"version-history":[{"count":1,"href":"http:\/\/archiv.szolnoktv.hu\/index.php?rest_route=\/wp\/v2\/posts\/7985\/revisions"}],"predecessor-version":[{"id":8010,"href":"http:\/\/archiv.szolnoktv.hu\/index.php?rest_route=\/wp\/v2\/posts\/7985\/revisions\/8010"}],"wp:attachment":[{"href":"http:\/\/archiv.szolnoktv.hu\/index.php?rest_route=%2Fwp%2Fv2%2Fmedia&parent=7985"}],"wp:term":[{"taxonomy":"category","embeddable":true,"href":"http:\/\/archiv.szolnoktv.hu\/index.php?rest_route=%2Fwp%2Fv2%2Fcategories&post=7985"},{"taxonomy":"post_tag","embeddable":true,"href":"http:\/\/archiv.szolnoktv.hu\/index.php?rest_route=%2Fwp%2Fv2%2Ftags&post=7985"}],"curies":[{"name":"wp","href":"https:\/\/api.w.org\/{rel}","templated":true}]}}