{"id":7982,"date":"2018-01-18T17:35:35","date_gmt":"2018-01-18T17:35:35","guid":{"rendered":"http:\/\/archiv.szolnoktv.hu\/?p=7982"},"modified":"2021-08-13T17:55:45","modified_gmt":"2021-08-13T17:55:45","slug":"meghosszabbitottak-a-palyazati-hataridot","status":"publish","type":"post","link":"http:\/\/archiv.szolnoktv.hu\/?p=7982","title":{"rendered":"Meghosszabb\u00edtott\u00e1k a p\u00e1ly\u00e1zati hat\u00e1rid\u0151t"},"content":{"rendered":"<div class='booster-block booster-read-block'><\/div><p>2012- ben lehetett el\u0151sz\u00f6r ingyenes \u00fcd\u00fcl\u00e9st ig\u00e9nyelni\u00fck az id\u0151s kor\u00faaknak. Az elm\u00falt hat \u00e9v sor\u00e1n csaknem egy milli\u00f3 p\u00e1ly\u00e1z\u00f3 t\u00f6lthetett hosszabb- r\u00f6videbb id\u0151t a kijel\u00f6lt \u00fcd\u00fcl\u0151helyeken \u00fagy, hogy az p\u00e9nz\u00fckbe nem ker\u00fclt. Az idei p\u00e1ly\u00e1zatot egy h\u00f3napja hirdett\u00e9k meg.<\/p>\n<p>&#8220;Holnap z\u00e1rult volna az eredeti konstrukci\u00f3nk szerint a p\u00e1ly\u00e1zat beny\u00fajt\u00e1sa, de a nagy \u00e9rdekl\u0151d\u00e9sre val\u00f3 tekintettel tov\u00e1bbi egy hetet hossz\u00edtottunk rajta, teh\u00e1t janu\u00e1r 26.- ig p\u00e9ntek \u00e9jf\u00e9lig lehet majd a p\u00e1ly\u00e1zatokat beadni elektronikus \u00faton.&#8221;- mondta el k\u00e9rd\u00e9s\u00fcnkre Erd\u0151s Bal\u00e1zs a Magyar Nemzeti \u00dcd\u00fcl\u00e9si Alap\u00edtv\u00e1ny  programvezet\u0151je.<\/p>\n<p>Akinek nincs lehet\u0151s\u00e9ge interneten beny\u00fajtani a p\u00e1ly\u00e1zatot, azoknak a korm\u00e1nyablakokban is seg\u00edts\u00e9get ny\u00fajtanak. Szolnokon sincs ez m\u00e1sk\u00e9pp.<\/p>\n<p>&#8220;A korm\u00e1nyablak munkat\u00e1rsai Szolnokon a Sz\u00e9chenyi k\u00f6r\u00faton \u00e9s a Kossuth t\u00e9ri korm\u00e1nyablakban is seg\u00edtenek a p\u00e1ly\u00e1zatok bead\u00e1s\u00e1ban azoknak az \u00fcgyfeleinknek akiknek nincs internet el\u00e9r\u00e9s\u00fck otthon. Szeretn\u00e9m megk\u00e9rni \u0151ket arra, hogy amennyiben m\u00e1r az el\u0151z\u0151 \u00e9vekben p\u00e1ly\u00e1ztak \u00e9s m\u00e9g megvan a p\u00e1ly\u00e1zati azonos\u00edt\u00f3juk \u00e9s az \u00edm\u00e9lc\u00edm\u00fck, azt hozz\u00e1k magukkal.&#8221; &#8211; tudtuk meg Nagy Zsuzsann\u00e1t\u00f3l, a Kossuth t\u00e9ri korm\u00e1nyablak f\u0151oszt\u00e1lyvezet\u0151j\u00e9t\u0151l.<\/p>\n<p> Amennyiben minden dokumentum rendelkez\u00e9sre \u00e1ll, az \u00fcgyint\u00e9z\u00e9s k\u00f6r\u00fclbel\u00fcl 10 percet vesz ig\u00e9nybe. A nyertesek k\u00f6zel 50 sz\u00e1ll\u00e1shely k\u00f6z\u00fcl v\u00e1logathatnak. A koroszt\u00e1lyhoz m\u00e9rten a legn\u00e9pszer\u0171bbek a term\u00e1lf\u00fcrd\u0151k, ahol 3- \u00e9s 5 nap k\u00f6z\u00f6tt kaphatnak elhelyez\u00e9st a nyertes ig\u00e9nyl\u0151k. P\u00e1ly\u00e1zatot az ny\u00fajthat be, akinek a havi nyugd\u00edja nem haladja meg a 147 ezer forintot.<\/p>\n<div style=\"width: 640px;\" class=\"wp-video\"><!--[if lt IE 9]><script>document.createElement('video');<\/script><![endif]-->\n<video class=\"wp-video-shortcode\" id=\"video-7982-1\" width=\"640\" height=\"360\" preload=\"metadata\" controls=\"controls\"><source type=\"video\/mp4\" src=\"\/spots\/hir\/hir_180118_06.mp4?_=1\" \/><a href=\"\/spots\/hir\/hir_180118_06.mp4\">\/spots\/hir\/hir_180118_06.mp4<\/a><\/video><\/div>\n","protected":false},"excerpt":{"rendered":"<p>2012- ben lehetett el\u0151sz\u00f6r ingyenes \u00fcd\u00fcl\u00e9st ig\u00e9nyelni\u00fck az id\u0151s kor\u00faaknak. Az elm\u00falt hat \u00e9v sor\u00e1n csaknem egy milli\u00f3 p\u00e1ly\u00e1z\u00f3 t\u00f6lthetett hosszabb- r\u00f6videbb id\u0151t a kijel\u00f6lt \u00fcd\u00fcl\u0151helyeken \u00fagy, hogy az p\u00e9nz\u00fckbe nem ker\u00fclt. Az idei p\u00e1ly\u00e1zatot egy h\u00f3napja hirdett\u00e9k meg. &#8220;Holnap z\u00e1rult volna az eredeti konstrukci\u00f3nk szerint a p\u00e1ly\u00e1zat beny\u00fajt\u00e1sa, de a nagy \u00e9rdekl\u0151d\u00e9sre val\u00f3 tekintettel [&hellip;]<\/p>\n","protected":false},"author":2,"featured_media":0,"comment_status":"closed","ping_status":"closed","sticky":false,"template":"","format":"standard","meta":[],"categories":[9],"tags":[],"_links":{"self":[{"href":"http:\/\/archiv.szolnoktv.hu\/index.php?rest_route=\/wp\/v2\/posts\/7982"}],"collection":[{"href":"http:\/\/archiv.szolnoktv.hu\/index.php?rest_route=\/wp\/v2\/posts"}],"about":[{"href":"http:\/\/archiv.szolnoktv.hu\/index.php?rest_route=\/wp\/v2\/types\/post"}],"author":[{"embeddable":true,"href":"http:\/\/archiv.szolnoktv.hu\/index.php?rest_route=\/wp\/v2\/users\/2"}],"replies":[{"embeddable":true,"href":"http:\/\/archiv.szolnoktv.hu\/index.php?rest_route=%2Fwp%2Fv2%2Fcomments&post=7982"}],"version-history":[{"count":1,"href":"http:\/\/archiv.szolnoktv.hu\/index.php?rest_route=\/wp\/v2\/posts\/7982\/revisions"}],"predecessor-version":[{"id":8013,"href":"http:\/\/archiv.szolnoktv.hu\/index.php?rest_route=\/wp\/v2\/posts\/7982\/revisions\/8013"}],"wp:attachment":[{"href":"http:\/\/archiv.szolnoktv.hu\/index.php?rest_route=%2Fwp%2Fv2%2Fmedia&parent=7982"}],"wp:term":[{"taxonomy":"category","embeddable":true,"href":"http:\/\/archiv.szolnoktv.hu\/index.php?rest_route=%2Fwp%2Fv2%2Fcategories&post=7982"},{"taxonomy":"post_tag","embeddable":true,"href":"http:\/\/archiv.szolnoktv.hu\/index.php?rest_route=%2Fwp%2Fv2%2Ftags&post=7982"}],"curies":[{"name":"wp","href":"https:\/\/api.w.org\/{rel}","templated":true}]}}