{"id":7979,"date":"2018-01-18T16:54:18","date_gmt":"2018-01-18T16:54:18","guid":{"rendered":"http:\/\/archiv.szolnoktv.hu\/?p=7979"},"modified":"2021-08-13T17:55:45","modified_gmt":"2021-08-13T17:55:45","slug":"segitsegre-van-szukseguk-a-fegyverneki-arvaknak","status":"publish","type":"post","link":"http:\/\/archiv.szolnoktv.hu\/?p=7979","title":{"rendered":"Seg\u00edts\u00e9gre van sz\u00fcks\u00e9g\u00fck a fegyverneki \u00e1rv\u00e1knak<br>"},"content":{"rendered":"<div class='booster-block booster-read-block'><\/div><p>A 4-6 \u00e9s 9 \u00e9ves gyerekek kar\u00e1csony els\u0151 napj\u00e1n m\u00e9g itt a nagymam\u00e1n\u00e1l \u00fcnnepeltek, majd hazat\u00e9rtek saj\u00e1t h\u00e1zukba. Kar\u00e1csony m\u00e1snapj\u00e1nak reggel\u00e9n azonban  holtan tal\u00e1lt\u00e1k epilepszi\u00e1val \u00e9s magas v\u00e9rnyom\u00e1ssal k\u00fczd\u0151 \u00e9desanyjukat. <br \/>A k\u00f6z\u00e9ps\u0151 gyerek, Vanda biciklizett \u00e1t a nagymam\u00e1hoz, hogy anyuk\u00e1ja nem \u00e9bred fel. <br \/>A trag\u00e9di\u00e1t megel\u0151z\u0151en, tavasszal vesz\u00edtett\u00e9k el apjukat a gyerekek. <br \/>Az any\u00e1tlan, ap\u00e1tlan \u00e1rv\u00e1kat  most az anyai nagymama neveli. \u00d5 \u00e1pol\u00e1si d\u00edjat kap csak, hiszen a daganatos nagypap\u00e1t gondozza. A kar\u00e1csonyi trag\u00e9dia \u00e9v v\u00e9g\u00e9n sokakat k\u00e9sztetett adakoz\u00e1sra.<\/p>\n<p>-&#8220;M\u00e1r most nagyon megcsappant a seg\u00edt\u0151k sz\u00e1ma, kar\u00e1csony ut\u00e1n kaptunk sok tart\u00f3s \u00e9lelmiszert, ruhanem\u0171t anyagi seg\u00edts\u00e9get azt nem nagyon&#8221;-mondta el a nagymama. <\/p>\n<p>  H\u00e1l\u00e1sak az adom\u00e1nyok\u00e9rt, m\u00e9g gyerekb\u00fatort is kaptak. Most a  farsangra k\u00e9sz\u00fclnek, ahov\u00e1 azonban nem adhat be a nagymama 2 liter olajat, \u00e9s az \u00fasz\u00e1soktat\u00e1st is p\u00e9nzben m\u00e9rik. A 3 szob\u00e1s h\u00e1z is j\u00f3csk\u00e1n fel\u00faj\u00edt\u00e1sra szorul. Ki kellene festeni \u00e9s a f\u0171t\u00e9skorszer\u0171s\u00edt\u00e9st sem tudj\u00e1k \u00f6ner\u0151b\u0151l megoldani. <br \/>Hint\u00e1t, trambulint, cs\u00faszd\u00e1t is szeretn\u00e9nek az udvarra. <\/p>\n<p> Pataki L\u00e1szl\u00f3n\u00e9 : <\/p>\n<p>-&#8220;Nem volt meg annyi \u00e9v sem az anyuk\u00e1j\u00e1nak, sem az apuk\u00e1j\u00e1nak, ami ut\u00e1n megkapn\u00e1k az \u00e1rvas\u00e1git csak majd esetleg m\u00e9lt\u00e1nyoss\u00e1gb\u00f3l ha kapunk. M\u00e9g a csal\u00e1di p\u00f3tl\u00e9kot most ig\u00e9nyeltem meg.&#8221;<\/p>\n<p>A gyerekek a nagy \u00e1gyon alszanak -egy\u00fctt h\u00e1rman. <br \/>Vanda aki  r\u00e1tal\u00e1lt \u00e9desanyj\u00e1ra, sz\u00f3tlanabb, szorong\u00f3bb. A nagymama vel\u00fck alszik, hiszen m\u00e9g van, hogy fel-fels\u00edrnak \u00e1lmukban. Az \u00f3vod\u00e1ban, iskol\u00e1ban pszichol\u00f3gus foglalkozik majd vel\u00fck, hogy megk\u00f6nny\u00edts\u00e9k a sz\u00f6rny\u0171  trag\u00e9dia feldolgoz\u00e1s\u00e1t. A legkisebb Krist\u00f3fka szeret ugr\u00e1lni \u00e9s birk\u00f3zni 9 \u00e9ves b\u00e1tyj\u00e1val.<\/p>\n<p> A gyerekek sokat seg\u00edtenek a mam\u00e1nak. A vacsor\u00e1hoz \u0151k ter\u00edtenek. <br \/>Szerda este almaleves volt a men\u00fc. <br \/>A 9 \u00e9ves Robi m\u00e1r most nagyon tudatosan gondolkozik. Hegeszt\u0151-lakatos, vagy katona szeretne lenni-mondta. <br \/>A nagysz\u00fcl\u0151k saj\u00e1t l\u00e1nyuk elveszt\u00e9se ut\u00e1n, a gy\u00e1sz feldolgoz\u00e1sa mellett igyekeznek mindent megadni az \u00e1rv\u00e1n maradt kicsiknek. Seg\u00edts\u00e9g n\u00e9lk\u00fcl azonban ez nem megy-mondt\u00e1k.<\/p>\n<div style=\"width: 640px;\" class=\"wp-video\"><!--[if lt IE 9]><script>document.createElement('video');<\/script><![endif]-->\n<video class=\"wp-video-shortcode\" id=\"video-7979-1\" width=\"640\" height=\"360\" preload=\"metadata\" controls=\"controls\"><source type=\"video\/mp4\" src=\"\/spots\/hir\/hir_180118_03.mp4?_=1\" \/><a href=\"\/spots\/hir\/hir_180118_03.mp4\">\/spots\/hir\/hir_180118_03.mp4<\/a><\/video><\/div>\n","protected":false},"excerpt":{"rendered":"<p>A 4-6 \u00e9s 9 \u00e9ves gyerekek kar\u00e1csony els\u0151 napj\u00e1n m\u00e9g itt a nagymam\u00e1n\u00e1l \u00fcnnepeltek, majd hazat\u00e9rtek saj\u00e1t h\u00e1zukba. Kar\u00e1csony m\u00e1snapj\u00e1nak reggel\u00e9n azonban holtan tal\u00e1lt\u00e1k epilepszi\u00e1val \u00e9s magas v\u00e9rnyom\u00e1ssal k\u00fczd\u0151 \u00e9desanyjukat. A k\u00f6z\u00e9ps\u0151 gyerek, Vanda biciklizett \u00e1t a nagymam\u00e1hoz, hogy anyuk\u00e1ja nem \u00e9bred fel. A trag\u00e9di\u00e1t megel\u0151z\u0151en, tavasszal vesz\u00edtett\u00e9k el apjukat a gyerekek. Az any\u00e1tlan, ap\u00e1tlan [&hellip;]<\/p>\n","protected":false},"author":2,"featured_media":0,"comment_status":"closed","ping_status":"closed","sticky":false,"template":"","format":"standard","meta":[],"categories":[9],"tags":[],"_links":{"self":[{"href":"http:\/\/archiv.szolnoktv.hu\/index.php?rest_route=\/wp\/v2\/posts\/7979"}],"collection":[{"href":"http:\/\/archiv.szolnoktv.hu\/index.php?rest_route=\/wp\/v2\/posts"}],"about":[{"href":"http:\/\/archiv.szolnoktv.hu\/index.php?rest_route=\/wp\/v2\/types\/post"}],"author":[{"embeddable":true,"href":"http:\/\/archiv.szolnoktv.hu\/index.php?rest_route=\/wp\/v2\/users\/2"}],"replies":[{"embeddable":true,"href":"http:\/\/archiv.szolnoktv.hu\/index.php?rest_route=%2Fwp%2Fv2%2Fcomments&post=7979"}],"version-history":[{"count":1,"href":"http:\/\/archiv.szolnoktv.hu\/index.php?rest_route=\/wp\/v2\/posts\/7979\/revisions"}],"predecessor-version":[{"id":8016,"href":"http:\/\/archiv.szolnoktv.hu\/index.php?rest_route=\/wp\/v2\/posts\/7979\/revisions\/8016"}],"wp:attachment":[{"href":"http:\/\/archiv.szolnoktv.hu\/index.php?rest_route=%2Fwp%2Fv2%2Fmedia&parent=7979"}],"wp:term":[{"taxonomy":"category","embeddable":true,"href":"http:\/\/archiv.szolnoktv.hu\/index.php?rest_route=%2Fwp%2Fv2%2Fcategories&post=7979"},{"taxonomy":"post_tag","embeddable":true,"href":"http:\/\/archiv.szolnoktv.hu\/index.php?rest_route=%2Fwp%2Fv2%2Ftags&post=7979"}],"curies":[{"name":"wp","href":"https:\/\/api.w.org\/{rel}","templated":true}]}}