{"id":7972,"date":"2018-01-17T18:04:02","date_gmt":"2018-01-17T18:04:02","guid":{"rendered":"http:\/\/archiv.szolnoktv.hu\/?p=7972"},"modified":"2021-08-13T17:55:46","modified_gmt":"2021-08-13T17:55:46","slug":"tovabb-kuzd-igazaert-a-mopedautos","status":"publish","type":"post","link":"http:\/\/archiv.szolnoktv.hu\/?p=7972","title":{"rendered":"Tov\u00e1bb k\u00fczd igaz\u00e1\u00e9rt a mopedaut\u00f3s<br>"},"content":{"rendered":"<div class='booster-block booster-read-block'><\/div><p>Ez a  mopedaut\u00f3  &#8211;   a tervek szerint- m\u00e9g n\u00e9h\u00e1ny napig itt \u00e1ll  majd a B\u00edr\u00f3s\u00e1g el\u0151tt. Tulajdonosa \u00edgy k\u00edv\u00e1nja felh\u00edvni a figyelmet a mopedaut\u00f3 \u00fcgyre, mely m\u00e1r 2004 \u00f3ta h\u00faz\u00f3dik. <br \/>A k\u00f6zleked\u00e9si hat\u00f3s\u00e1g akkor-  a t\u00f6rv\u00e9ny \u00e9s az uni\u00f3s rendelkez\u00e9sek ellen\u00e9re nem ismerte el a mopedaut\u00f3kat-id\u00e9zte fel a  t\u00f6rt\u00e9netet Bander Ferenc.  A t\u00f6r\u00f6kszentmikl\u00f3si f\u00e9rfi a szab\u00e1lys\u00e9rt\u00e9si b\u00edrs\u00e1gai\u00e9rt 8 napot b\u00f6rt\u00f6nben is \u00fclt. <\/p>\n<p>-&#8220;2004-ben az uni\u00f3s jogszab\u00e1lyokat Magyarorsz\u00e1gra \u00e9rtelmezve a politika kiharcolta. Elkezdt\u00fck. Viszont a k\u00f6zigazgat\u00e1s \u00fatveszt\u0151j\u00e9ben a hatalommal vissza\u00e9l\u0151 hivatalnokok miatt elkezdte a mopedaut\u00f3kat \u00fcld\u00f6zni. Az \u00fcld\u00f6z\u00e9s 2009-ben t\u00f6rv\u00e9nyi rendeletk\u00e9nt nyilv\u00e1nult meg, ut\u00e1na \u00e9n f\u00f6lvittem egy mopedaut\u00f3t a k\u00f6zt\u00e1rsas\u00e1gi eln\u00f6kh\u00f6z. Ott \u00edg\u00e9retet kaptam, hogy rendbe teszik, \u00e9s 2013 janu\u00e1r 19-e \u00f3ta ugyan\u00fagy lehet haszn\u00e1lni a mopedaut\u00f3t, mint ahogyan \u00e9n 2004-ben k\u00e9rtem&#8221;-mondta el Bander Ferenc. <\/p>\n<p> Ma teh\u00e1t m\u00e1r  t\u00f6rv\u00e9nyesen  haszn\u00e1lhat\u00f3 a mopedaut\u00f3, b\u00e1r ezt sokan m\u00e9g nem tudj\u00e1k, hiszen a hat\u00f3s\u00e1gok err\u0151l nem \u00e9rtes\u00edtett\u00e9k a kor\u00e1bban lekorl\u00e1tozott tulajdonosokat- tette hozz\u00e1 Bander Ferenc. <br \/>2018-ban pedig \u00fajabb anom\u00e1li\u00e1t konstat\u00e1lt, ami ellen ism\u00e9t k\u00fczdeni k\u00edv\u00e1n. <\/p>\n<p>-&#8220;Az elektromos moped aut\u00f3 nem kap z\u00f6ld rendsz\u00e1mot. Megint egy hi\u00e1nyoss\u00e1g \u00e9s nem l\u00e1tom \u00e9rtelm\u00e9t , hogy b\u00e1rkivel is levelezzek. Mindig akkor \u00e9rtem el valamit , amikor az utc\u00e1ra kimentem&#8221;-folytatta a mopedaut\u00f3s.<\/p>\n<p> Az \u00fcgyek miatt f\u00e9l milli\u00e1rd Ft k\u00e1ra keletkezett, ami\u00e9rt k\u00e1rt\u00e9r\u00edt\u00e9st is szeretne- mondta. Az elektrom\u0171szer\u00e9sz ma j\u00e1rm\u0171m\u00e9rn\u00f6knek tanul. Szeretn\u00e9 tiszt\u00e1zni mag\u00e1t \u00e9s megsz\u00fcntetni a k\u00f6zigazgat\u00e1s \u00fatveszt\u0151it. <\/p>\n<p>-&#8220;J\u00f3 lenne hogyha egyfajta rehabilit\u00e1st is kaphatn\u00e9k, mert azt gondolom, hogy p\u00e9ldamutat\u00f3, jogk\u00f6vet\u0151 , jogtart\u00f3 polg\u00e1ra voltam Magyarorsz\u00e1gnak, azon k\u00edv\u00fcl, hogy mindent szab\u00e1ly szerint csin\u00e1ltam, semmif\u00e9le m\u00e1s b\u0171n\u00f6m nincs \u00e9s ez lett a vesztem is&#8221;-tette hozz\u00e1. <\/p>\n<p>A teljes jogi tiszt\u00e1z\u00e1sa \u00e9rdek\u00e9ben m\u00e9g ebben a h\u00f3napban elvontatja a szolnoki b\u00edr\u00f3s\u00e1g el\u0151l n\u00e9gykerek\u0171j\u00e9t Pestre a Legf\u0151bb \u00fcgy\u00e9szs\u00e9g, febru\u00e1rban pedig az Orsz\u00e1gh\u00e1z el\u00e9. <\/p>\n<div style=\"width: 640px;\" class=\"wp-video\"><!--[if lt IE 9]><script>document.createElement('video');<\/script><![endif]-->\n<video class=\"wp-video-shortcode\" id=\"video-7972-1\" width=\"640\" height=\"360\" preload=\"metadata\" controls=\"controls\"><source type=\"video\/mp4\" src=\"\/spots\/hir\/hir_180117_04.mp4?_=1\" \/><a href=\"\/spots\/hir\/hir_180117_04.mp4\">\/spots\/hir\/hir_180117_04.mp4<\/a><\/video><\/div>\n","protected":false},"excerpt":{"rendered":"<p>Ez a mopedaut\u00f3 &#8211; a tervek szerint- m\u00e9g n\u00e9h\u00e1ny napig itt \u00e1ll majd a B\u00edr\u00f3s\u00e1g el\u0151tt. Tulajdonosa \u00edgy k\u00edv\u00e1nja felh\u00edvni a figyelmet a mopedaut\u00f3 \u00fcgyre, mely m\u00e1r 2004 \u00f3ta h\u00faz\u00f3dik. A k\u00f6zleked\u00e9si hat\u00f3s\u00e1g akkor- a t\u00f6rv\u00e9ny \u00e9s az uni\u00f3s rendelkez\u00e9sek ellen\u00e9re nem ismerte el a mopedaut\u00f3kat-id\u00e9zte fel a t\u00f6rt\u00e9netet Bander Ferenc. A t\u00f6r\u00f6kszentmikl\u00f3si f\u00e9rfi a [&hellip;]<\/p>\n","protected":false},"author":2,"featured_media":0,"comment_status":"closed","ping_status":"closed","sticky":false,"template":"","format":"standard","meta":[],"categories":[9],"tags":[],"_links":{"self":[{"href":"http:\/\/archiv.szolnoktv.hu\/index.php?rest_route=\/wp\/v2\/posts\/7972"}],"collection":[{"href":"http:\/\/archiv.szolnoktv.hu\/index.php?rest_route=\/wp\/v2\/posts"}],"about":[{"href":"http:\/\/archiv.szolnoktv.hu\/index.php?rest_route=\/wp\/v2\/types\/post"}],"author":[{"embeddable":true,"href":"http:\/\/archiv.szolnoktv.hu\/index.php?rest_route=\/wp\/v2\/users\/2"}],"replies":[{"embeddable":true,"href":"http:\/\/archiv.szolnoktv.hu\/index.php?rest_route=%2Fwp%2Fv2%2Fcomments&post=7972"}],"version-history":[{"count":1,"href":"http:\/\/archiv.szolnoktv.hu\/index.php?rest_route=\/wp\/v2\/posts\/7972\/revisions"}],"predecessor-version":[{"id":8023,"href":"http:\/\/archiv.szolnoktv.hu\/index.php?rest_route=\/wp\/v2\/posts\/7972\/revisions\/8023"}],"wp:attachment":[{"href":"http:\/\/archiv.szolnoktv.hu\/index.php?rest_route=%2Fwp%2Fv2%2Fmedia&parent=7972"}],"wp:term":[{"taxonomy":"category","embeddable":true,"href":"http:\/\/archiv.szolnoktv.hu\/index.php?rest_route=%2Fwp%2Fv2%2Fcategories&post=7972"},{"taxonomy":"post_tag","embeddable":true,"href":"http:\/\/archiv.szolnoktv.hu\/index.php?rest_route=%2Fwp%2Fv2%2Ftags&post=7972"}],"curies":[{"name":"wp","href":"https:\/\/api.w.org\/{rel}","templated":true}]}}