{"id":7970,"date":"2018-01-16T17:51:12","date_gmt":"2018-01-16T17:51:12","guid":{"rendered":"http:\/\/archiv.szolnoktv.hu\/?p=7970"},"modified":"2021-08-13T17:55:47","modified_gmt":"2021-08-13T17:55:47","slug":"hamarosan-viragba-borulnak-a-varosszerte-kiultetendo-novenyek","status":"publish","type":"post","link":"http:\/\/archiv.szolnoktv.hu\/?p=7970","title":{"rendered":"Hamarosan vir\u00e1gba borulnak a v\u00e1rosszerte ki\u00fcltetend\u0151 n\u00f6v\u00e9nyek<br><br>"},"content":{"rendered":"<div class='booster-block booster-read-block'><\/div><p>A h\u00f3es\u00e9s ellen\u00e9re a szolnoki n\u00f6v\u00e9nyh\u00e1zakban m\u00e1r sz\u00e9pen fejl\u0151dnek a magr\u00f3l, pal\u00e1nt\u00e1r\u00f3l nevelt vir\u00e1gok. A k\u00e9t haj\u00f3s n\u00f6v\u00e9nyh\u00e1z 5 \u00e9ve \u00e9p\u00fclt, tavaly \u00faj\u00edtott\u00e1k fel. <\/p>\n<p> -Itt \u00e1ll\u00edtjuk el\u0151 azokat a n\u00f6v\u00e9nyeket, amik a v\u00e1rosi k\u00f6zter\u00fcletekre kiker\u00fclnek majd tavasszal. Nagyj\u00e1b\u00f3l \u00e9vi 60 ezer t\u0151 n\u00f6v\u00e9nyt \u00e1ll\u00edtunk el\u0151 a koll\u00e9g\u00e1k seg\u00edts\u00e9g\u00e9vel.&#8221;  &#8211;   mondta Fodor Gy\u00f6rgy -Munkalehet\u0151s\u00e9g a J\u00f6v\u0151\u00e9rt&#8221; Szolnok Nonprofit \u00e9s K\u00f6zhaszn\u00fa Kft. \u00fcgyvezet\u0151je.<\/p>\n<p>Az \u00e1ll\u00f3musk\u00e1tli pal\u00e1nt\u00e1kat \u00e9ppen ma \u00fcltett\u00e9k \u00e1t nagyobb cser\u00e9pbe. <\/p>\n<p>-Itt a n\u00f6v\u00e9nyh\u00e1zban a tavaszi szezonra t\u00f6bb mint 20 -f\u00e9le n\u00f6v\u00e9nnyel k\u00e9sz\u00fcl\u00fcnk, pl beg\u00f3nia, pistike, b\u00fcd\u00f6sk\u00e9k, r\u00e9zvir\u00e1g, bat\u00e1ta, musk\u00e1tlik, sz\u00fanyog\u0171z\u0151.&#8221;  &#8211;   Bozori Ibolya \u00f6v\u00e9nyh\u00e1zi telepvezet\u0151<\/p>\n<p>Ez a 4 ezer \u00e1rv\u00e1cska  ma m\u00e9g pici \u00e9s s\u00e9r\u00fcl\u00e9keny tavaszra azonban m\u00e1r annyira meger\u0151s\u00f6dik, hogy a vir\u00e1g\u00e1gy\u00e1sokat, parkokat d\u00edsz\u00edti majd. 1500 musk\u00e1tli is itt n\u00f6v\u00f6get. Ezek a t\u00f6r\u00f6k -\u00e9s t\u00f6rpeszegf\u0171 hajt\u00e1sok nemr\u00e9g keltek ki magr\u00f3l. A gondos kezel\u00e9snek \u00e9s nevelget\u00e9snek k\u00f6sz\u00f6nhet\u0151en tavaszra ezek is vir\u00e1gba borulnak. <\/p>\n<p>-Az \u00f6ssze v\u00e1rosi parkba, k\u00f6zter\u00fcletekbe, a vir\u00e1g\u00e1gy\u00e1sokba, a Verseghy park, a Kossuth t\u00e9r, a Sz\u00e9chenyi lak\u00f3telepen is van t\u00f6bb olyan vir\u00e1g\u00e1gy\u00e1s, ahov\u00e1 mi be\u00fcltet\u00e9ssel el\u0151\u00e1ll\u00edtjuk a sz\u00e9p vir\u00e1gfel\u00fcletet.&#8221;  &#8211;   tette hozz\u00e1 Fodor Gy\u00f6rgy.<\/p>\n<p>A kandel\u00e1berekre, a vir\u00e1goszlopokra, a v\u00e1rosh\u00e1zi erk\u00e9lyekre, a balkonl\u00e1d\u00e1kba \u00e9s a piacra is ker\u00fcl, hiszen a fel nem haszn\u00e1lt vir\u00e1gokat \u00e9rt\u00e9kes\u00edtik. A vir\u00e1goszt\u00e1sokra is innen viszik a n\u00f6v\u00e9nyeket.<\/p>\n<p>Ezekkel a leanderekkel pl. a J\u00f3kai \u00fat v\u00e9g\u00e9n tal\u00e1lkozhatunk tavasszal.  <br \/>A 700 n\u00e9gyzetm\u00e9teres n\u00f6v\u00e9nyh\u00e1zban teh\u00e1t m\u00e1r  a tavaszra k\u00e9sz\u00fclnek. <\/p>\n<div style=\"width: 640px;\" class=\"wp-video\"><!--[if lt IE 9]><script>document.createElement('video');<\/script><![endif]-->\n<video class=\"wp-video-shortcode\" id=\"video-7970-1\" width=\"640\" height=\"360\" preload=\"metadata\" controls=\"controls\"><source type=\"video\/mp4\" src=\"\/spots\/hir\/hir_180116_05.mp4?_=1\" \/><a href=\"\/spots\/hir\/hir_180116_05.mp4\">\/spots\/hir\/hir_180116_05.mp4<\/a><\/video><\/div>\n","protected":false},"excerpt":{"rendered":"<p>A h\u00f3es\u00e9s ellen\u00e9re a szolnoki n\u00f6v\u00e9nyh\u00e1zakban m\u00e1r sz\u00e9pen fejl\u0151dnek a magr\u00f3l, pal\u00e1nt\u00e1r\u00f3l nevelt vir\u00e1gok. A k\u00e9t haj\u00f3s n\u00f6v\u00e9nyh\u00e1z 5 \u00e9ve \u00e9p\u00fclt, tavaly \u00faj\u00edtott\u00e1k fel. -Itt \u00e1ll\u00edtjuk el\u0151 azokat a n\u00f6v\u00e9nyeket, amik a v\u00e1rosi k\u00f6zter\u00fcletekre kiker\u00fclnek majd tavasszal. Nagyj\u00e1b\u00f3l \u00e9vi 60 ezer t\u0151 n\u00f6v\u00e9nyt \u00e1ll\u00edtunk el\u0151 a koll\u00e9g\u00e1k seg\u00edts\u00e9g\u00e9vel.&#8221; &#8211; mondta Fodor Gy\u00f6rgy -Munkalehet\u0151s\u00e9g a J\u00f6v\u0151\u00e9rt&#8221; [&hellip;]<\/p>\n","protected":false},"author":2,"featured_media":0,"comment_status":"closed","ping_status":"closed","sticky":false,"template":"","format":"standard","meta":[],"categories":[9],"tags":[],"_links":{"self":[{"href":"http:\/\/archiv.szolnoktv.hu\/index.php?rest_route=\/wp\/v2\/posts\/7970"}],"collection":[{"href":"http:\/\/archiv.szolnoktv.hu\/index.php?rest_route=\/wp\/v2\/posts"}],"about":[{"href":"http:\/\/archiv.szolnoktv.hu\/index.php?rest_route=\/wp\/v2\/types\/post"}],"author":[{"embeddable":true,"href":"http:\/\/archiv.szolnoktv.hu\/index.php?rest_route=\/wp\/v2\/users\/2"}],"replies":[{"embeddable":true,"href":"http:\/\/archiv.szolnoktv.hu\/index.php?rest_route=%2Fwp%2Fv2%2Fcomments&post=7970"}],"version-history":[{"count":1,"href":"http:\/\/archiv.szolnoktv.hu\/index.php?rest_route=\/wp\/v2\/posts\/7970\/revisions"}],"predecessor-version":[{"id":8025,"href":"http:\/\/archiv.szolnoktv.hu\/index.php?rest_route=\/wp\/v2\/posts\/7970\/revisions\/8025"}],"wp:attachment":[{"href":"http:\/\/archiv.szolnoktv.hu\/index.php?rest_route=%2Fwp%2Fv2%2Fmedia&parent=7970"}],"wp:term":[{"taxonomy":"category","embeddable":true,"href":"http:\/\/archiv.szolnoktv.hu\/index.php?rest_route=%2Fwp%2Fv2%2Fcategories&post=7970"},{"taxonomy":"post_tag","embeddable":true,"href":"http:\/\/archiv.szolnoktv.hu\/index.php?rest_route=%2Fwp%2Fv2%2Ftags&post=7970"}],"curies":[{"name":"wp","href":"https:\/\/api.w.org\/{rel}","templated":true}]}}