{"id":7929,"date":"2018-01-15T18:24:30","date_gmt":"2018-01-15T18:24:30","guid":{"rendered":"http:\/\/archiv.szolnoktv.hu\/?p=7929"},"modified":"2021-08-13T15:02:02","modified_gmt":"2021-08-13T15:02:02","slug":"soron-kivuli-kozgyules-2","status":"publish","type":"post","link":"http:\/\/archiv.szolnoktv.hu\/?p=7929","title":{"rendered":"Soron k\u00edv\u00fcli k\u00f6zgy\u0171l\u00e9s"},"content":{"rendered":"<div class='booster-block booster-read-block'><\/div><p>Eg\u00e9szs\u00e9gesebb, \u00e9lhet\u0151bb lehet a v\u00e1ros sz\u00edve, amennyiben megval\u00f3sul a \\&#8221;Z\u00f6ld\u00fcl\u0151 belv\u00e1ros Szolnok\\&#8221; c\u00edmet visel\u0151 projekt. A tervek szerint \u00fajragondolj\u00e1k az SZTK, illetve a Szolnok Pl\u00e1za k\u00f6rny\u00e9k\u00e9t.., valamint a k\u00e9t \u00e9p\u00fclet k\u00f6z\u00e9 \u00e9kelt parkol\u00f3k k\u00f6rnyezet\u00e9t a z\u00f6ld ter\u00fclet fel\u00faj\u00edt\u00e1s\u00e1val. A v\u00e1rosi kl\u00edm\u00e1t jobban visel\u0151 fafajok, cserj\u00e9k telep\u00edt\u00e9se mellett a parkol\u00f3kat is c\u00e9lszer\u0171s\u00edtik.<\/p>\n<p> \\&#8221;Egy\u00e1ltal\u00e1n egy olyan k\u00f6rnyezetnek a kialak\u00edt\u00e1s\u00e1t amely t\u00e9len- ny\u00e1ron megfelel\u0151 mikrokl\u00edm\u00e1t biztos\u00edt- term\u00e9szetesen ez els\u0151 sorban a ny\u00e1ri meleg napokat jelenti, illetve az eg\u00e9sz t\u00e9rs\u00e9gnek az \u00fajragondol\u00e1s\u00e1t.\\&#8221;- er\u0151s\u00edtette meg Fej\u00e9r Andor alpolg\u00e1rmester.<\/p>\n<p>Uni\u00f3s forr\u00e1sb\u00f3l k\u00e9tszer k\u00e9ts\u00e1v\u00fas\u00edtj\u00e1k a Sz\u00e1nt\u00f3 k\u00f6rutat a Pozsonyi \u00fati k\u00f6rforgalomt\u00f3l- eg\u00e9szen a Lidl- ig. Ezen projekt r\u00e9szek\u00e9nt ma a k\u00f6zgy\u0171l\u00e9sen a m\u00e1sodik \u00fctem- azaz a Csokonai \u00fat- \u00e9s Lidl \u00e1ruh\u00e1z k\u00f6z\u00f6tti szakasz b\u0151v\u00edt\u00e9s\u00e9re szavaztak igennel a k\u00e9pvisel\u0151k. A beruh\u00e1z\u00e1sra 300 milli\u00f3 forint van el\u0151ir\u00e1nyozva.<\/p>\n<p>\\&#8221;Azt tervezz\u00fck, hogy a Csokonai keresztez\u0151d\u00e9sben egy olyan k\u00f6rforgalmat alak\u00edtunk ki, amely a Sz\u00e1nt\u00f3 \u00fat tengely\u00e9ben 2&#215;2 s\u00e1vos \u00e1thalad\u00e1si lehet\u0151s\u00e9get biztos\u00edt a Csokonai \u00fati tengelyen 2&#215;1 s\u00e1vosat. Ugyanezt tervezz\u00fck a Pozsonyi \u00fati k\u00f6rforgalommal is. Ez\u00e1ltal egy nagyobb, gyorsabb \u00e1tereszt\u0151 k\u00e9pess\u00e9get k\u00edv\u00e1nunk biztos\u00edtani annak \u00e9rdek\u00e9ben, hogy a belv\u00e1rosban kialakulhasson az a k\u00e9t tengely amely arra lesz hivatott, hogy a forgalmat kivezesse.\\&#8221;<\/p>\n<p>A k\u00f6zgy\u0171l\u00e9s ugyancsak igent mondott a \\&#8221;M\u00e9g t\u00f6bb SzolnOK!\\&#8221; projektre, melynek keret\u00e9ben a Verseghy K\u00f6nyvt\u00e1r \u00e9s Hum\u00e1n Szolg\u00e1ltat\u00f3 K\u00f6zpont a v\u00e1ros 6 c\u00e9lter\u00fclet\u00e9n k\u00f6z\u00f6ss\u00e9gfejleszt\u0151, identit\u00e1studat er\u0151s\u00edt\u0151 programokat szervez. &#8230; 150 milli\u00f3 forint p\u00e1ly\u00e1zati forr\u00e1sra sz\u00e1m\u00edthat a megyesz\u00e9khely 6 feln\u0151tt- \u00e9s 1 gyermek h\u00e1ziorvosi praxis \u00fan. \\&#8221;praxisk\u00f6z\u00f6ss\u00e9g\u00e9nek\\&#8221; megval\u00f3s\u00edt\u00e1s\u00e1ra. Ennek \u00e9rtelm\u00e9ben a kijel\u00f6lt rendel\u00e9seken 4 \u00faj szolg\u00e1ltat\u00e1st vezetnek be- k\u00f6zt\u00fck a \u00e9letm\u00f3dtan\u00e1csad\u00e1st \u00e9s az eg\u00e9szs\u00e9gi \u00e1llapot felm\u00e9r\u00e9st. A programot az Emberi Er\u0151forr\u00e1sok Miniszt\u00e9riuma t\u00e1mogatja&#8230; A k\u00e9pvisel\u0151test\u00fclet tagjai v\u00e9g\u00fcl a leend\u0151 Szolnoki v\u00e1r L\u00e1togat\u00f3k\u00f6zpont szakmai \u00fczemeltet\u00e9s\u00e9r\u0151l hoztak d\u00f6nt\u00e9st. A feladatot ennek \u00e9rtelm\u00e9ben Szolnoki M\u0171v\u00e9szeti Egyes\u00fclet l\u00e1tja majd el. Szolnok \u00faj idegenforgalmi attrakci\u00f3ja az els\u0151 \u00e9vre vet\u00edtve 42 milli\u00f3s bev\u00e9tellel kalkul\u00e1lhat, hangzott el a mai soron k\u00edv\u00fcli k\u00f6zgy\u0171l\u00e9sen.<\/p>\n<div style=\"width: 640px;\" class=\"wp-video\"><!--[if lt IE 9]><script>document.createElement('video');<\/script><![endif]-->\n<video class=\"wp-video-shortcode\" id=\"video-7929-1\" width=\"640\" height=\"360\" preload=\"metadata\" controls=\"controls\"><source type=\"video\/mp4\" src=\"\/spots\/hir\/hir_180115_07.mp4?_=1\" \/><a href=\"\/spots\/hir\/hir_180115_07.mp4\">\/spots\/hir\/hir_180115_07.mp4<\/a><\/video><\/div>\n","protected":false},"excerpt":{"rendered":"<p>Eg\u00e9szs\u00e9gesebb, \u00e9lhet\u0151bb lehet a v\u00e1ros sz\u00edve, amennyiben megval\u00f3sul a \\&#8221;Z\u00f6ld\u00fcl\u0151 belv\u00e1ros Szolnok\\&#8221; c\u00edmet visel\u0151 projekt. A tervek szerint \u00fajragondolj\u00e1k az SZTK, illetve a Szolnok Pl\u00e1za k\u00f6rny\u00e9k\u00e9t.., valamint a k\u00e9t \u00e9p\u00fclet k\u00f6z\u00e9 \u00e9kelt parkol\u00f3k k\u00f6rnyezet\u00e9t a z\u00f6ld ter\u00fclet fel\u00faj\u00edt\u00e1s\u00e1val. A v\u00e1rosi kl\u00edm\u00e1t jobban visel\u0151 fafajok, cserj\u00e9k telep\u00edt\u00e9se mellett a parkol\u00f3kat is c\u00e9lszer\u0171s\u00edtik. \\&#8221;Egy\u00e1ltal\u00e1n egy olyan k\u00f6rnyezetnek [&hellip;]<\/p>\n","protected":false},"author":2,"featured_media":0,"comment_status":"closed","ping_status":"closed","sticky":false,"template":"","format":"standard","meta":[],"categories":[9],"tags":[],"_links":{"self":[{"href":"http:\/\/archiv.szolnoktv.hu\/index.php?rest_route=\/wp\/v2\/posts\/7929"}],"collection":[{"href":"http:\/\/archiv.szolnoktv.hu\/index.php?rest_route=\/wp\/v2\/posts"}],"about":[{"href":"http:\/\/archiv.szolnoktv.hu\/index.php?rest_route=\/wp\/v2\/types\/post"}],"author":[{"embeddable":true,"href":"http:\/\/archiv.szolnoktv.hu\/index.php?rest_route=\/wp\/v2\/users\/2"}],"replies":[{"embeddable":true,"href":"http:\/\/archiv.szolnoktv.hu\/index.php?rest_route=%2Fwp%2Fv2%2Fcomments&post=7929"}],"version-history":[{"count":3,"href":"http:\/\/archiv.szolnoktv.hu\/index.php?rest_route=\/wp\/v2\/posts\/7929\/revisions"}],"predecessor-version":[{"id":7961,"href":"http:\/\/archiv.szolnoktv.hu\/index.php?rest_route=\/wp\/v2\/posts\/7929\/revisions\/7961"}],"wp:attachment":[{"href":"http:\/\/archiv.szolnoktv.hu\/index.php?rest_route=%2Fwp%2Fv2%2Fmedia&parent=7929"}],"wp:term":[{"taxonomy":"category","embeddable":true,"href":"http:\/\/archiv.szolnoktv.hu\/index.php?rest_route=%2Fwp%2Fv2%2Fcategories&post=7929"},{"taxonomy":"post_tag","embeddable":true,"href":"http:\/\/archiv.szolnoktv.hu\/index.php?rest_route=%2Fwp%2Fv2%2Ftags&post=7929"}],"curies":[{"name":"wp","href":"https:\/\/api.w.org\/{rel}","templated":true}]}}