{"id":7927,"date":"2018-01-15T18:16:08","date_gmt":"2018-01-15T18:16:08","guid":{"rendered":"http:\/\/archiv.szolnoktv.hu\/?p=7927"},"modified":"2021-08-13T14:59:59","modified_gmt":"2021-08-13T14:59:59","slug":"napszeditok-nemzeti-tanckoncert","status":"publish","type":"post","link":"http:\/\/archiv.szolnoktv.hu\/?p=7927","title":{"rendered":"Napsz\u00e9d\u00edt\u0151k -Nemzeti T\u00e1nckoncert<br><br>"},"content":{"rendered":"<div class='booster-block booster-read-block'><\/div><p> A telt h\u00e1zas esti produkci\u00f3 el\u0151tti d\u00e9lut\u00e1ni, koszt\u00fcm\u00f6s f\u0151pr\u00f3b\u00e1ra is megtelt a szolnoki sportcsarnok. A J\u00e1szkun megyesz\u00e9khely szimfonikus zenekara 7. alkalommal szervezte meg \u00faj\u00e9vk\u00f6sz\u00f6nt\u0151 megaprodukci\u00f3j\u00e1t. A 330 fell\u00e9p\u0151vel megval\u00f3sul\u00f3  grandi\u00f3zus el\u0151ad\u00e1s id\u00e9n  a gy\u00f6kerekhez ny\u00falik vissza. A Kod\u00e1ly \u00e9v z\u00e1r\u00e1sak\u00e9nt az autentikus n\u00e9pzenei kult\u00far\u00e1nk saj\u00e1tosan magyar, \u00e9des-keser\u0171 vil\u00e1g\u00e1ba is elkalauzolta a k\u00f6z\u00f6ns\u00e9get. <\/p>\n<p>Mih\u00e1lyi G\u00e1bor a Magyar \u00c1llami N\u00e9p Egy\u00fcttes  vezet\u0151je<\/p>\n<p>-&#8220;Felsorakoztatunk mindent ami a rendelkez\u00e9s\u00fcnkre \u00e1ll. Lesz Bart\u00f3k \u00e9s Kod\u00e1ly, lesz n\u00e9pzene, \u00e9s szimfonikus zene, de autentikus paraszti \u00e9nek, de opera\u00e9nek is \u00e9s ehhez kapcsol\u00f3d\u00f3an a t\u00e1ncok. Eredeti viseletek \u00e9s tov\u00e1bb gondoltak is, hiszen Bart\u00f3k \u00e9s Kod\u00e1ly is tov\u00e1bb gondolta a n\u00e9pzen\u00e9t. &#8211;<\/p>\n<p> A k\u00e9t telt h\u00e1zas produkci\u00f3 is bizony\u00edtja, mennyire \u00e9rdekl\u0151dik a k\u00f6z\u00f6ns\u00e9g a hasonl\u00f3  koncertek ir\u00e1nt. <\/p>\n<p>M\u00e1di Edit : <br \/>-&#8221; Bar\u00e1taimt\u00f3l kapta ezt a lehet\u0151s\u00e9get, hogy elj\u00f6hetek megn\u00e9zni ezt a m\u0171sort. Nagyon kedvelem a szolnoki szimfonikusokat, a n\u00e9pt\u00e1ncot, a magyar zen\u00e9t \u00e9s \u00fagy \u00e9reztem, hogy itt kell lennem. Nagyon \u00f6r\u00fcltem ennek a megh\u00edv\u00e1snak. &#8211;<\/p>\n<p>A t\u00e1nc r\u00e9v\u00e9n v\u00e1lik l\u00e1that\u00f3v\u00e1 a zene-mondta Izaki Maszahiro a szolnoki zenekar karmestere, az est zenei rendez\u0151je. A mester egyszerre figyelt a k\u00f3rusokra, a zenekarra \u00e9s a t\u00e1ncosokra vez\u00e9nyl\u00e9s k\u00f6zben. A zen\u00e9szek sz\u00e1m\u00e1ra is inspir\u00e1l\u00f3 volt a t\u00e1ncosokkal egy\u00fctt dolgozni. <br \/>A Magyar \u00c1llami N\u00e9pi egy\u00fcttes mellett a ny\u00edregyh\u00e1zi Cantemus Vegyeskar, a kecskem\u00e9ti Cantus Nobilis K\u00f3rus, a sz\u00e9kesfeh\u00e9rv\u00e1ri Vox Mirabilis Kamarak\u00f3rus, a v\u00e1ci Vox Humana \u00c9nekkar \u00e9s a Szolnoki Kod\u00e1ly-M\u00c1V Vegyeskar is sz\u00ednes\u00edtette a Szolnoki Szimfonikus Zenekar \u00faj\u00e9vk\u00f6sz\u00f6nt\u0151 hangverseny\u00e9t. <\/p>\n<div style=\"width: 640px;\" class=\"wp-video\"><!--[if lt IE 9]><script>document.createElement('video');<\/script><![endif]-->\n<video class=\"wp-video-shortcode\" id=\"video-7927-1\" width=\"640\" height=\"360\" preload=\"metadata\" controls=\"controls\"><source type=\"video\/mp4\" src=\"\/spots\/hir\/hir_180115_03.mp4?_=1\" \/><a href=\"\/spots\/hir\/hir_180115_03.mp4\">\/spots\/hir\/hir_180115_03.mp4<\/a><\/video><\/div>\n","protected":false},"excerpt":{"rendered":"<p>A telt h\u00e1zas esti produkci\u00f3 el\u0151tti d\u00e9lut\u00e1ni, koszt\u00fcm\u00f6s f\u0151pr\u00f3b\u00e1ra is megtelt a szolnoki sportcsarnok. A J\u00e1szkun megyesz\u00e9khely szimfonikus zenekara 7. alkalommal szervezte meg \u00faj\u00e9vk\u00f6sz\u00f6nt\u0151 megaprodukci\u00f3j\u00e1t. A 330 fell\u00e9p\u0151vel megval\u00f3sul\u00f3 grandi\u00f3zus el\u0151ad\u00e1s id\u00e9n a gy\u00f6kerekhez ny\u00falik vissza. A Kod\u00e1ly \u00e9v z\u00e1r\u00e1sak\u00e9nt az autentikus n\u00e9pzenei kult\u00far\u00e1nk saj\u00e1tosan magyar, \u00e9des-keser\u0171 vil\u00e1g\u00e1ba is elkalauzolta a k\u00f6z\u00f6ns\u00e9get. Mih\u00e1lyi G\u00e1bor a [&hellip;]<\/p>\n","protected":false},"author":2,"featured_media":0,"comment_status":"closed","ping_status":"closed","sticky":false,"template":"","format":"standard","meta":[],"categories":[9],"tags":[],"_links":{"self":[{"href":"http:\/\/archiv.szolnoktv.hu\/index.php?rest_route=\/wp\/v2\/posts\/7927"}],"collection":[{"href":"http:\/\/archiv.szolnoktv.hu\/index.php?rest_route=\/wp\/v2\/posts"}],"about":[{"href":"http:\/\/archiv.szolnoktv.hu\/index.php?rest_route=\/wp\/v2\/types\/post"}],"author":[{"embeddable":true,"href":"http:\/\/archiv.szolnoktv.hu\/index.php?rest_route=\/wp\/v2\/users\/2"}],"replies":[{"embeddable":true,"href":"http:\/\/archiv.szolnoktv.hu\/index.php?rest_route=%2Fwp%2Fv2%2Fcomments&post=7927"}],"version-history":[{"count":1,"href":"http:\/\/archiv.szolnoktv.hu\/index.php?rest_route=\/wp\/v2\/posts\/7927\/revisions"}],"predecessor-version":[{"id":7932,"href":"http:\/\/archiv.szolnoktv.hu\/index.php?rest_route=\/wp\/v2\/posts\/7927\/revisions\/7932"}],"wp:attachment":[{"href":"http:\/\/archiv.szolnoktv.hu\/index.php?rest_route=%2Fwp%2Fv2%2Fmedia&parent=7927"}],"wp:term":[{"taxonomy":"category","embeddable":true,"href":"http:\/\/archiv.szolnoktv.hu\/index.php?rest_route=%2Fwp%2Fv2%2Fcategories&post=7927"},{"taxonomy":"post_tag","embeddable":true,"href":"http:\/\/archiv.szolnoktv.hu\/index.php?rest_route=%2Fwp%2Fv2%2Ftags&post=7927"}],"curies":[{"name":"wp","href":"https:\/\/api.w.org\/{rel}","templated":true}]}}