{"id":7925,"date":"2018-01-15T17:45:25","date_gmt":"2018-01-15T17:45:25","guid":{"rendered":"http:\/\/archiv.szolnoktv.hu\/?p=7925"},"modified":"2021-08-13T14:59:59","modified_gmt":"2021-08-13T14:59:59","slug":"negy-fokos-tiszaban-uszott-schirilla-gyorgy","status":"publish","type":"post","link":"http:\/\/archiv.szolnoktv.hu\/?p=7925","title":{"rendered":"N\u00e9gy fokos Tisz\u00e1ban \u00faszott Schirilla Gy\u00f6rgy"},"content":{"rendered":"<div class='booster-block booster-read-block'><\/div><p>Szombaton d\u00e9lut\u00e1n pontban kett\u0151 \u00f3rakor integetett \u00e1t rajong\u00f3inak Schirilla Gy\u00f6rgy a Tisza Sz\u00e1ll\u00f3 el\u0151tti l\u00e9pcs\u0151sort\u00f3l. A szolnokiak a Tisza Sz\u00e1ll\u00f3 el\u0151tt gy\u0171ltek \u00f6ssze, hogy szurkoljanak a sportol\u00f3nak. Schirilla Gy\u00f6rgy nem is v\u00e1rt sok\u00e1ig, szinte azonnal a n\u00e9gy fokos foly\u00f3ba mer\u00fclt. Indul\u00e1s el\u0151tt a sportol\u00f3 azt mondta: ilyen sodr\u00e1s\u00fa \u00e9s h\u0151m\u00e9rs\u00e9klet\u0171 v\u00edzben 15 de minimum 10 perc kell \u00e1t\u00faszni a Tisz\u00e1t. <br \/>Schirilla Gy\u00f6rgy\u00f6t alig h\u00e1rom perc m\u00falva ov\u00e1ci\u00f3 fogadta a parton: ennyi id\u0151 alatt siker\u00fclt teljes\u00edteni az \u00e1t\u00fasz\u00e1st. A v\u00e1ros nev\u00e9ben Szab\u00f3 Istv\u00e1n alpolg\u00e1rmester vir\u00e1gcsokorral k\u00f6sz\u00f6nt\u00f6tte a sportol\u00f3t. <br \/>Erej\u00e9b\u0151l m\u00e9g arra is futotta, hogy elszavalja V\u00e1ci Mih\u00e1ly: M\u00e9g nem el\u00e9g! c\u00edm\u0171 vers\u00e9t. <\/p>\n<p>-Tegnap a v\u00e1rost futottuk k\u00f6rbe, most pedig \u00e1t\u00fasztam a foly\u00f3t. \u00c9rdemes volt itt lenni, mert 20 \u00e9ve \u00faszom Tisz\u00e1ban, Dun\u00e1ban \u00e9s m\u00e9g mindig n\u00e9pszer\u0171ek ezek a csal\u00e1dias hangulat\u00fa \u00fasz\u00e1sok, mert ezek val\u00f3ban csal\u00e1dias hangulat\u00fa rendezv\u00e9nyek. Sok kisgyermek, nagypapa nagymama itt vannak \u00e9s ez csod\u00e1latos dolog nekem.&#8221; &#8211; mondta a sportol\u00f3. <\/p>\n<p>Schirilla Gy\u00f6rgy \u00f6t\u00f6dik alkalommal \u00faszta \u00e1t a Tisz\u00e1t Szolnokon. Legut\u00f3bb 2015-ben mer\u00fclt a foly\u00f3ban a megyesz\u00e9khelyen. \u00c9v elej\u00e9n komoly elhat\u00e1roz\u00e1sra jutott: megl\u00e1togatja azokat a telep\u00fcl\u00e9seket, ahol az elm\u00falt mintegy 20 \u00e9vben rendszeresen \u00faszott a jeges foly\u00f3kban, tavakban &#8211; \u00e9s egyben el is k\u00f6sz\u00f6n t\u0151l\u00fck. Mint mondja 57 \u00e9ves, 60 \u00e9ves kora ut\u00e1n jobb szeretne szaun\u00e1zni. <\/p>\n<p>&#8211; J\u00f6v\u0151 h\u00e9ten Szlov\u00e1ki\u00e1ban \u00faszom, azt\u00e1n Baj\u00e1n, majd Kalocs\u00e1n, el\u00e9g sok helyen fogok most \u00faszni. &#8211;<\/p>\n<p> Schirilla Gy\u00f6rgy fiatalkor\u00e1ban ker\u00e9kp\u00e1rral bej\u00e1rta\u00a0 Eur\u00f3p\u00e1t. Legend\u00e1s  \u00e9desapja hal\u00e1la ut\u00e1n,\u00a01999-ben d\u00f6nt\u00f6tt \u00fagy hogy \u00e1polja hagyom\u00e1ny\u00e1t, \u00e9s az\u00f3ta minden t\u00e9len \u00e1t\u00fassza a jeges\u00a0Dun\u00e1t.\u00a02004\u00a0janu\u00e1rj\u00e1ban az\u00a0Esztergom\u00a0&#8211;\u00a0P\u00e1rk\u00e1ny\u00a0k\u00f6zti \u00e1t\u00fasz\u00e1s\u00e1t 12 ezer ember tekintette meg. Ezenk\u00edv\u00fcl fut is, minden \u00e9vben t\u00f6bb sz\u00e1z kilom\u00e9tert teljes\u00edt a beteg gyermekek\u00e9rt. <\/p>\n<div style=\"width: 640px;\" class=\"wp-video\"><!--[if lt IE 9]><script>document.createElement('video');<\/script><![endif]-->\n<video class=\"wp-video-shortcode\" id=\"video-7925-1\" width=\"640\" height=\"360\" preload=\"metadata\" controls=\"controls\"><source type=\"video\/mp4\" src=\"\/spots\/hir\/hir_180115_01.mp4?_=1\" \/><a href=\"\/spots\/hir\/hir_180115_01.mp4\">\/spots\/hir\/hir_180115_01.mp4<\/a><\/video><\/div>\n","protected":false},"excerpt":{"rendered":"<p>Szombaton d\u00e9lut\u00e1n pontban kett\u0151 \u00f3rakor integetett \u00e1t rajong\u00f3inak Schirilla Gy\u00f6rgy a Tisza Sz\u00e1ll\u00f3 el\u0151tti l\u00e9pcs\u0151sort\u00f3l. A szolnokiak a Tisza Sz\u00e1ll\u00f3 el\u0151tt gy\u0171ltek \u00f6ssze, hogy szurkoljanak a sportol\u00f3nak. Schirilla Gy\u00f6rgy nem is v\u00e1rt sok\u00e1ig, szinte azonnal a n\u00e9gy fokos foly\u00f3ba mer\u00fclt. Indul\u00e1s el\u0151tt a sportol\u00f3 azt mondta: ilyen sodr\u00e1s\u00fa \u00e9s h\u0151m\u00e9rs\u00e9klet\u0171 v\u00edzben 15 de minimum 10 [&hellip;]<\/p>\n","protected":false},"author":2,"featured_media":0,"comment_status":"closed","ping_status":"closed","sticky":false,"template":"","format":"standard","meta":[],"categories":[9],"tags":[],"_links":{"self":[{"href":"http:\/\/archiv.szolnoktv.hu\/index.php?rest_route=\/wp\/v2\/posts\/7925"}],"collection":[{"href":"http:\/\/archiv.szolnoktv.hu\/index.php?rest_route=\/wp\/v2\/posts"}],"about":[{"href":"http:\/\/archiv.szolnoktv.hu\/index.php?rest_route=\/wp\/v2\/types\/post"}],"author":[{"embeddable":true,"href":"http:\/\/archiv.szolnoktv.hu\/index.php?rest_route=\/wp\/v2\/users\/2"}],"replies":[{"embeddable":true,"href":"http:\/\/archiv.szolnoktv.hu\/index.php?rest_route=%2Fwp%2Fv2%2Fcomments&post=7925"}],"version-history":[{"count":1,"href":"http:\/\/archiv.szolnoktv.hu\/index.php?rest_route=\/wp\/v2\/posts\/7925\/revisions"}],"predecessor-version":[{"id":7934,"href":"http:\/\/archiv.szolnoktv.hu\/index.php?rest_route=\/wp\/v2\/posts\/7925\/revisions\/7934"}],"wp:attachment":[{"href":"http:\/\/archiv.szolnoktv.hu\/index.php?rest_route=%2Fwp%2Fv2%2Fmedia&parent=7925"}],"wp:term":[{"taxonomy":"category","embeddable":true,"href":"http:\/\/archiv.szolnoktv.hu\/index.php?rest_route=%2Fwp%2Fv2%2Fcategories&post=7925"},{"taxonomy":"post_tag","embeddable":true,"href":"http:\/\/archiv.szolnoktv.hu\/index.php?rest_route=%2Fwp%2Fv2%2Ftags&post=7925"}],"curies":[{"name":"wp","href":"https:\/\/api.w.org\/{rel}","templated":true}]}}