{"id":7921,"date":"2018-01-12T16:43:48","date_gmt":"2018-01-12T16:43:48","guid":{"rendered":"http:\/\/archiv.szolnoktv.hu\/?p=7921"},"modified":"2021-08-13T15:00:00","modified_gmt":"2021-08-13T15:00:00","slug":"fabrikett","status":"publish","type":"post","link":"http:\/\/archiv.szolnoktv.hu\/?p=7921","title":{"rendered":"Fabrikett"},"content":{"rendered":"<div class='booster-block booster-read-block'><\/div><p>Ez m\u00e1r az elk\u00e9sz\u00fclt fabrikett, melyet r\u00e1szorul\u00f3k k\u00f6r\u00e9ben osztanak sz\u00e9t Szolnokon. Imm\u00e1ron hagyom\u00e1ny, hogy az \u00f6nkorm\u00e1nyzat t\u00fczel\u0151vel seg\u00edti a h\u00e1tr\u00e1nyos helyzet\u0171eket a nagy hidegben. A Munkalehet\u0151s\u00e9g a J\u00f6v\u0151\u00e9rt Nonprofit Kft. \u00e1llami t\u00e1mogat\u00e1sb\u00f3l 60 milli\u00f3 forint \u00f6sszeg\u0171 beruh\u00e1z\u00e1st val\u00f3s\u00edtott meg. <\/p>\n<p>&#8211; A bel\u00fcgyminiszt\u00e9rium t\u00e1mogatta az \u00f6tlet\u00fcnket \u00e9s siker\u00fclt, azokat a berendez\u00e9seket beszerezni, ami ennek a technol\u00f3gi\u00e1nak a r\u00e9sze. Eg\u00e9sz pontosan egy \u00e1gapr\u00edt\u00f3 berendez\u00e9st, egy r\u00f6nkhas\u00edt\u00f3t, hiszen nagyobb m\u00e9ret\u0171 f\u00e1k is kiker\u00fclnek a munka sor\u00e1n, amit k\u00e1r lenne ledar\u00e1lni \u00e9s ez a brikett\u00e1l\u00f3 g\u00e9psor.&#8221;-nyilatkozta Fodor Gy\u00f6rgy, a Munkalehet\u0151s\u00e9g a J\u00f6v\u0151\u00e9rt Nonprofit Kft. \u00fcgyvezet\u0151 igazgat\u00f3ja.<\/p>\n<p> A berendez\u00e9s az els\u0151 munkaf\u00e1zisban a gallyakat ledar\u00e1lja. Az ebb\u0151l keletkezett apr\u00edt\u00e9k sz\u00e1r\u00edt\u00f3 dobokba ker\u00fcl, ugyanis az \u0151rlem\u00e9ny nedvess\u00e9gtartalma nem haladhatja meg a 14%-ot. Ezt k\u00f6vet\u0151en kezd\u0151dik a brikett\u00e1l\u00e1s, melynek sor\u00e1n hidraulikus m\u00f3don, magas nyom\u00e1son \u00f6sszepr\u00e9selik a dar\u00e1l\u00e9kot. A fabrikett- b\u00e1r gyeng\u00e9bb a f\u0171t\u0151\u00e9rt\u00e9ke mint az ak\u00e1cf\u00e1nak- tiszta \u00e9g\u00e9s\u0171 \u00e9s minim\u00e1lis hamuval j\u00e1r. Az alapanyagk\u00e9nt szolg\u00e1l\u00f3 \u0151rlem\u00e9ny vegyes \u00f6sszet\u00e9tel\u0171- ami azt jelenti, cserj\u00e9k \u00e9s avar is ker\u00fclhet bele. A most munk\u00e1ba \u00e1ll\u00edtott berendez\u00e9ssel egy nap alatt 150 kilogramm fabrikettet tudnak el\u0151\u00e1ll\u00edtani.<br \/> &nbsp;<div style=\"width: 640px;\" class=\"wp-video\"><!--[if lt IE 9]><script>document.createElement('video');<\/script><![endif]-->\n<video class=\"wp-video-shortcode\" id=\"video-7921-1\" width=\"640\" height=\"360\" preload=\"metadata\" controls=\"controls\"><source type=\"video\/mp4\" src=\"\/spots\/hir\/hir_180112_05.mp4?_=1\" \/><a href=\"\/spots\/hir\/hir_180112_05.mp4\">\/spots\/hir\/hir_180112_05.mp4<\/a><\/video><\/div><\/p>\n","protected":false},"excerpt":{"rendered":"<p>Ez m\u00e1r az elk\u00e9sz\u00fclt fabrikett, melyet r\u00e1szorul\u00f3k k\u00f6r\u00e9ben osztanak sz\u00e9t Szolnokon. Imm\u00e1ron hagyom\u00e1ny, hogy az \u00f6nkorm\u00e1nyzat t\u00fczel\u0151vel seg\u00edti a h\u00e1tr\u00e1nyos helyzet\u0171eket a nagy hidegben. A Munkalehet\u0151s\u00e9g a J\u00f6v\u0151\u00e9rt Nonprofit Kft. \u00e1llami t\u00e1mogat\u00e1sb\u00f3l 60 milli\u00f3 forint \u00f6sszeg\u0171 beruh\u00e1z\u00e1st val\u00f3s\u00edtott meg. &#8211; A bel\u00fcgyminiszt\u00e9rium t\u00e1mogatta az \u00f6tlet\u00fcnket \u00e9s siker\u00fclt, azokat a berendez\u00e9seket beszerezni, ami ennek a technol\u00f3gi\u00e1nak [&hellip;]<\/p>\n","protected":false},"author":2,"featured_media":0,"comment_status":"closed","ping_status":"closed","sticky":false,"template":"","format":"standard","meta":[],"categories":[9],"tags":[],"_links":{"self":[{"href":"http:\/\/archiv.szolnoktv.hu\/index.php?rest_route=\/wp\/v2\/posts\/7921"}],"collection":[{"href":"http:\/\/archiv.szolnoktv.hu\/index.php?rest_route=\/wp\/v2\/posts"}],"about":[{"href":"http:\/\/archiv.szolnoktv.hu\/index.php?rest_route=\/wp\/v2\/types\/post"}],"author":[{"embeddable":true,"href":"http:\/\/archiv.szolnoktv.hu\/index.php?rest_route=\/wp\/v2\/users\/2"}],"replies":[{"embeddable":true,"href":"http:\/\/archiv.szolnoktv.hu\/index.php?rest_route=%2Fwp%2Fv2%2Fcomments&post=7921"}],"version-history":[{"count":1,"href":"http:\/\/archiv.szolnoktv.hu\/index.php?rest_route=\/wp\/v2\/posts\/7921\/revisions"}],"predecessor-version":[{"id":7938,"href":"http:\/\/archiv.szolnoktv.hu\/index.php?rest_route=\/wp\/v2\/posts\/7921\/revisions\/7938"}],"wp:attachment":[{"href":"http:\/\/archiv.szolnoktv.hu\/index.php?rest_route=%2Fwp%2Fv2%2Fmedia&parent=7921"}],"wp:term":[{"taxonomy":"category","embeddable":true,"href":"http:\/\/archiv.szolnoktv.hu\/index.php?rest_route=%2Fwp%2Fv2%2Fcategories&post=7921"},{"taxonomy":"post_tag","embeddable":true,"href":"http:\/\/archiv.szolnoktv.hu\/index.php?rest_route=%2Fwp%2Fv2%2Ftags&post=7921"}],"curies":[{"name":"wp","href":"https:\/\/api.w.org\/{rel}","templated":true}]}}