{"id":7920,"date":"2018-01-12T16:42:17","date_gmt":"2018-01-12T16:42:17","guid":{"rendered":"http:\/\/archiv.szolnoktv.hu\/?p=7920"},"modified":"2021-08-13T15:00:00","modified_gmt":"2021-08-13T15:00:00","slug":"jaszberenyi-sandor-iro-olvaso-talalkozo","status":"publish","type":"post","link":"http:\/\/archiv.szolnoktv.hu\/?p=7920","title":{"rendered":"J\u00e1szber\u00e9nyi S\u00e1ndor \u00edr\u00f3-olvas\u00f3 tal\u00e1lkoz\u00f3<br>"},"content":{"rendered":"<div class='booster-block booster-read-block'><\/div><p>-Hogy annyira egyszer\u0171nek t\u0171nik. Pedig csak annyi t\u00f6rt\u00e9nt, hogy annyira er\u0151s hat\u00e1sa volt a magyar nyelvre, hogy az \u0151 k\u00f6lt\u0151i nyelve lett a k\u00f6znyelv.&#8221;<\/p>\n<p>Mondta a 19. sz\u00e1zadi k\u00f6lt\u0151, Pet\u0151fi S\u00e1ndor, m\u0171v\u00e9szet\u00e9nek hat\u00e1s\u00e1r\u00f3l egy 21. sz\u00e1zadi alkot\u00f3, J\u00e1szber\u00e9nyi S\u00e1ndor. A haditud\u00f3s\u00edt\u00f3k\u00e9nt tev\u00e9kenyked\u0151 \u00fajs\u00e1g\u00edr\u00f3 els\u0151 k\u00f6nyve 2013-ban ker\u00fclt a boltok polcaira. Ebben az \u00e9szak-afrikai \u00e9s k\u00f6zel-keleti forradalomban \u00e1t\u00e9lt \u00e9lm\u00e9nyeir\u0151l ad sz\u00e1mot. Ezt k\u00f6vet\u0151 m\u0171ve: Az \u00f6rd\u00f6g egy fekete kutya c\u00edmmel jelent meg, melyet kiv\u00e1l\u00f3 kritik\u00e1kkal illetett a szakma. A szerz\u0151t els\u0151 novell\u00e1sk\u00f6tete m\u00e1ris a kort\u00e1rs pr\u00f3za \u00edg\u00e9ret\u00e9v\u00e9 avatta. A m\u00e1sodik: A l\u00e9lek legszebb \u00e9jszak\u00e1ja c\u00edm\u0171 novellaf\u00fcz\u00e9re 2016-ban nyert v\u00e9gleges form\u00e1t. A k\u00f6vetkez\u0151 \u00e9vben ez\u00e9rt Libri irodalmi d\u00edjjal jutalmazt\u00e1k.<\/p>\n<p>-\u00d5szint\u00e9n sz\u00f3lva meglep\u0151dtem, \u00e9n a mai napig nem gondolom, hogy&#8230;h\u00e1t, meglep\u0151 volt \u00e9s nem tudok mit kezdeni a r\u00e1m zuhant figyelemmel. Engem kifejezetten frusztr\u00e1l.&#8221; &#8211; nyilatkozta J\u00e1szber\u00e9nyi S\u00e1ndor, \u00fajs\u00e1g\u00edr\u00f3, haditud\u00f3s\u00edt\u00f3 a sikereir\u0151l.<\/p>\n<p>J\u00e1szber\u00e9nyi hideg, \u0151szinte \u00e1m sz\u00f3rakoztat\u00f3 st\u00edlusban alkot. A l\u00e9lek legszebb \u00e9jszak\u00e1ja c\u00edm\u0171 alkot\u00e1sa sz\u00fcrre\u00e1lis k\u00e1b\u00edt\u00f3szeres tudat\u00e1llapotokr\u00f3l, az \u00e1lmatlans\u00e1g mechanizmus\u00e1r\u00f3l \u00e9s lelki m\u00e9lys\u00e9gekr\u0151l sz\u00f3l. A d\u00edjnyertes m\u0171v\u00e9b\u0151l felolvasott sz\u00f6vegr\u00e9szlet egyhang\u00faan elnyerte a di\u00e1kok tetsz\u00e9s\u00e9t. &nbsp;<div style=\"width: 640px;\" class=\"wp-video\"><!--[if lt IE 9]><script>document.createElement('video');<\/script><![endif]-->\n<video class=\"wp-video-shortcode\" id=\"video-7920-1\" width=\"640\" height=\"360\" preload=\"metadata\" controls=\"controls\"><source type=\"video\/mp4\" src=\"\/spots\/hir\/hir_180112_03.mp4?_=1\" \/><a href=\"\/spots\/hir\/hir_180112_03.mp4\">\/spots\/hir\/hir_180112_03.mp4<\/a><\/video><\/div><\/p>\n","protected":false},"excerpt":{"rendered":"<p>-Hogy annyira egyszer\u0171nek t\u0171nik. Pedig csak annyi t\u00f6rt\u00e9nt, hogy annyira er\u0151s hat\u00e1sa volt a magyar nyelvre, hogy az \u0151 k\u00f6lt\u0151i nyelve lett a k\u00f6znyelv.&#8221; Mondta a 19. sz\u00e1zadi k\u00f6lt\u0151, Pet\u0151fi S\u00e1ndor, m\u0171v\u00e9szet\u00e9nek hat\u00e1s\u00e1r\u00f3l egy 21. sz\u00e1zadi alkot\u00f3, J\u00e1szber\u00e9nyi S\u00e1ndor. A haditud\u00f3s\u00edt\u00f3k\u00e9nt tev\u00e9kenyked\u0151 \u00fajs\u00e1g\u00edr\u00f3 els\u0151 k\u00f6nyve 2013-ban ker\u00fclt a boltok polcaira. Ebben az \u00e9szak-afrikai \u00e9s k\u00f6zel-keleti [&hellip;]<\/p>\n","protected":false},"author":2,"featured_media":0,"comment_status":"closed","ping_status":"closed","sticky":false,"template":"","format":"standard","meta":[],"categories":[9],"tags":[],"_links":{"self":[{"href":"http:\/\/archiv.szolnoktv.hu\/index.php?rest_route=\/wp\/v2\/posts\/7920"}],"collection":[{"href":"http:\/\/archiv.szolnoktv.hu\/index.php?rest_route=\/wp\/v2\/posts"}],"about":[{"href":"http:\/\/archiv.szolnoktv.hu\/index.php?rest_route=\/wp\/v2\/types\/post"}],"author":[{"embeddable":true,"href":"http:\/\/archiv.szolnoktv.hu\/index.php?rest_route=\/wp\/v2\/users\/2"}],"replies":[{"embeddable":true,"href":"http:\/\/archiv.szolnoktv.hu\/index.php?rest_route=%2Fwp%2Fv2%2Fcomments&post=7920"}],"version-history":[{"count":1,"href":"http:\/\/archiv.szolnoktv.hu\/index.php?rest_route=\/wp\/v2\/posts\/7920\/revisions"}],"predecessor-version":[{"id":7939,"href":"http:\/\/archiv.szolnoktv.hu\/index.php?rest_route=\/wp\/v2\/posts\/7920\/revisions\/7939"}],"wp:attachment":[{"href":"http:\/\/archiv.szolnoktv.hu\/index.php?rest_route=%2Fwp%2Fv2%2Fmedia&parent=7920"}],"wp:term":[{"taxonomy":"category","embeddable":true,"href":"http:\/\/archiv.szolnoktv.hu\/index.php?rest_route=%2Fwp%2Fv2%2Fcategories&post=7920"},{"taxonomy":"post_tag","embeddable":true,"href":"http:\/\/archiv.szolnoktv.hu\/index.php?rest_route=%2Fwp%2Fv2%2Ftags&post=7920"}],"curies":[{"name":"wp","href":"https:\/\/api.w.org\/{rel}","templated":true}]}}