{"id":7919,"date":"2018-01-12T16:41:09","date_gmt":"2018-01-12T16:41:09","guid":{"rendered":"http:\/\/archiv.szolnoktv.hu\/?p=7919"},"modified":"2021-08-13T15:00:00","modified_gmt":"2021-08-13T15:00:00","slug":"schirilla-gyorgy-atussza-a-tiszat","status":"publish","type":"post","link":"http:\/\/archiv.szolnoktv.hu\/?p=7919","title":{"rendered":"Schirilla Gy\u00f6rgy \u00e1t\u00fassza a Tisz\u00e1t"},"content":{"rendered":"<div class='booster-block booster-read-block'><\/div><p>Az 57 \u00e9ves sportol\u00f3  ma is naponta fut \u00e9s ha teheti \u00e1t\u00faszik egy-egy foly\u00f3t. A szombati nagy pr\u00f3bat\u00e9tel el\u0151tt ma a Kossuth t\u00e9rre v\u00e1rta a fiatalokat. <\/p>\n<p>Schirilla Gy\u00f6rgy elmondta: <\/p>\n<p>-&#8220;Egy nagy fut\u00e1st csin\u00e1lok a gyerekekkel, hogy a fut\u00e1s k\u00f6zben a nagy besz\u00e9lget\u00e9s a pozit\u00edv gondolatokr\u00f3l, a v\u00e1ros szeretet\u00e9r\u0151l \u00e9s arr\u00f3l, hogy mennyire fontos \u00f6sszetartani. Egy ilyen sport rendezv\u00e9nyen senkinek nem jut esz\u00e9be negat\u00edv gondolat. Aki fut az mindig j\u00f3 dolgokra gondol. &#8211;<\/p>\n<p>Nemcsak gyerekek, hanem szimpatiz\u00e1nsok is csatlakoztak. <\/p>\n<p>T\u00e1ncos D\u00e9nes: <\/p>\n<p>-&#8220;Vagy 30 \u00e9ve ismerj\u00fck m\u00e1r a Gyurit, ha Szolnokon van, vagy megk\u00f6zel\u00edthet\u0151 helyen, akkor tal\u00e1lkozunk, bar\u00e1tkozunk, besz\u00e9lget\u00fcnk \u00e9s futunk vele egy\u00fctt az eg\u00e9szs\u00e9g\u00e9rt.&#8221;<\/p>\n<p>Schirilla Gy\u00f6rgy \u00e9s k\u00f6vet\u0151i v\u00e9gigfutott\u00e1k a v\u00e1rost, t\u00f6bb \u00e1llom\u00e1st  is beiktatva, ahol besz\u00e9lgettek, torn\u00e1ztak. A nemzet rozm\u00e1ra szombaton d\u00e9lut\u00e1n 2 \u00f3rakor \u00fassza \u00e1t a Tisz\u00e1t a Tisza sz\u00e1ll\u00f3 el\u0151tti szakaszon. El\u0151tte f\u00e9l \u00f3r\u00e1val pedig bemeleg\u00edt\u00e9sk\u00e9nt- ism\u00e9t k\u00f6z\u00f6s fut\u00e1sra v\u00e1rja a szolnokiakat.  &nbsp;<div style=\"width: 640px;\" class=\"wp-video\"><!--[if lt IE 9]><script>document.createElement('video');<\/script><![endif]-->\n<video class=\"wp-video-shortcode\" id=\"video-7919-1\" width=\"640\" height=\"360\" preload=\"metadata\" controls=\"controls\"><source type=\"video\/mp4\" src=\"\/spots\/hir\/hir_180112_02.mp4?_=1\" \/><a href=\"\/spots\/hir\/hir_180112_02.mp4\">\/spots\/hir\/hir_180112_02.mp4<\/a><\/video><\/div><\/p>\n","protected":false},"excerpt":{"rendered":"<p>Az 57 \u00e9ves sportol\u00f3 ma is naponta fut \u00e9s ha teheti \u00e1t\u00faszik egy-egy foly\u00f3t. A szombati nagy pr\u00f3bat\u00e9tel el\u0151tt ma a Kossuth t\u00e9rre v\u00e1rta a fiatalokat. Schirilla Gy\u00f6rgy elmondta: -&#8220;Egy nagy fut\u00e1st csin\u00e1lok a gyerekekkel, hogy a fut\u00e1s k\u00f6zben a nagy besz\u00e9lget\u00e9s a pozit\u00edv gondolatokr\u00f3l, a v\u00e1ros szeretet\u00e9r\u0151l \u00e9s arr\u00f3l, hogy mennyire fontos \u00f6sszetartani. Egy [&hellip;]<\/p>\n","protected":false},"author":2,"featured_media":0,"comment_status":"closed","ping_status":"closed","sticky":false,"template":"","format":"standard","meta":[],"categories":[9],"tags":[],"_links":{"self":[{"href":"http:\/\/archiv.szolnoktv.hu\/index.php?rest_route=\/wp\/v2\/posts\/7919"}],"collection":[{"href":"http:\/\/archiv.szolnoktv.hu\/index.php?rest_route=\/wp\/v2\/posts"}],"about":[{"href":"http:\/\/archiv.szolnoktv.hu\/index.php?rest_route=\/wp\/v2\/types\/post"}],"author":[{"embeddable":true,"href":"http:\/\/archiv.szolnoktv.hu\/index.php?rest_route=\/wp\/v2\/users\/2"}],"replies":[{"embeddable":true,"href":"http:\/\/archiv.szolnoktv.hu\/index.php?rest_route=%2Fwp%2Fv2%2Fcomments&post=7919"}],"version-history":[{"count":1,"href":"http:\/\/archiv.szolnoktv.hu\/index.php?rest_route=\/wp\/v2\/posts\/7919\/revisions"}],"predecessor-version":[{"id":7940,"href":"http:\/\/archiv.szolnoktv.hu\/index.php?rest_route=\/wp\/v2\/posts\/7919\/revisions\/7940"}],"wp:attachment":[{"href":"http:\/\/archiv.szolnoktv.hu\/index.php?rest_route=%2Fwp%2Fv2%2Fmedia&parent=7919"}],"wp:term":[{"taxonomy":"category","embeddable":true,"href":"http:\/\/archiv.szolnoktv.hu\/index.php?rest_route=%2Fwp%2Fv2%2Fcategories&post=7919"},{"taxonomy":"post_tag","embeddable":true,"href":"http:\/\/archiv.szolnoktv.hu\/index.php?rest_route=%2Fwp%2Fv2%2Ftags&post=7919"}],"curies":[{"name":"wp","href":"https:\/\/api.w.org\/{rel}","templated":true}]}}