{"id":7918,"date":"2018-01-12T16:39:40","date_gmt":"2018-01-12T16:39:40","guid":{"rendered":"http:\/\/archiv.szolnoktv.hu\/?p=7918"},"modified":"2021-08-13T15:00:00","modified_gmt":"2021-08-13T15:00:00","slug":"katonai-kibocsato-unnepseg","status":"publish","type":"post","link":"http:\/\/archiv.szolnoktv.hu\/?p=7918","title":{"rendered":"Katonai kibocs\u00e1t\u00f3 \u00fcnneps\u00e9g"},"content":{"rendered":"<div class='booster-block booster-read-block'><\/div><p>T\u00edzen kelnek \u00fatra Afganiszt\u00e1nba, hogy ott teljes\u00edtsenek szolg\u00e1latot. A kibocs\u00e1t\u00f3 \u00fcnneps\u00e9get ma tartott\u00e1k a helikopter b\u00e1zison. <\/p>\n<p>Kov\u00e1cs Kriszti\u00e1n alezredes, parancsnok, Rubik Sz\u00e1ll\u00edt\u00f3 Rep\u00fcl\u0151 Z\u00e1szl\u00f3alj: <\/p>\n<p>-&#8220;Egy 10 f\u0151s csapat megy ki Afganiszt\u00e1n f\u0151v\u00e1ros\u00e1ba Kabulba. \u00d5k egy l\u00e9gi tan\u00e1csad\u00f3 csoport, feladatuk az afg\u00e1n l\u00e9gier\u0151 311-es helikopter z\u00e1szl\u00f3alj\u00e1nak, csapat\u00e1nak a mentor\u00e1l\u00e1sa, sz\u00e1mukra tan\u00e1csad\u00e1s. Seg\u00edt\u00fcnk sz\u00e1mukra felk\u00e9sz\u00fclni a m\u0171veleti feladatokra, seg\u00edt\u00fcnk annak ki\u00e9rt\u00e9kel\u00e9s\u00e9ben, seg\u00edt\u00fcnk magasabb szintre emelni a rep\u00fcl\u00e9sbiztons\u00e1gi kult\u00far\u00e1jukat. &#8211;<\/p>\n<p> N\u00e9gy \u00e9s f\u00e9l h\u00f3napig tart a csapat kik\u00fcldet\u00e9se. K\u00e9t oktat\u00f3 g\u00e9pparancsnok, k\u00e9t oktat\u00f3 fed\u00e9lzeti technikus, \u00e9s hat rep\u00fcl\u0151 m\u0171szaki katona megy ki, akik a helikopter karbantart\u00e1s\u00e1nak minden szegmens\u00e9t ismerik. A misszi\u00f3b\u00f3l ny\u00e1ron t\u00e9r majd haza a csapat.  &nbsp;<div style=\"width: 640px;\" class=\"wp-video\"><!--[if lt IE 9]><script>document.createElement('video');<\/script><![endif]-->\n<video class=\"wp-video-shortcode\" id=\"video-7918-1\" width=\"640\" height=\"360\" preload=\"metadata\" controls=\"controls\"><source type=\"video\/mp4\" src=\"\/spots\/hir\/hir_180112_01.mp4?_=1\" \/><a href=\"\/spots\/hir\/hir_180112_01.mp4\">\/spots\/hir\/hir_180112_01.mp4<\/a><\/video><\/div><\/p>\n","protected":false},"excerpt":{"rendered":"<p>T\u00edzen kelnek \u00fatra Afganiszt\u00e1nba, hogy ott teljes\u00edtsenek szolg\u00e1latot. A kibocs\u00e1t\u00f3 \u00fcnneps\u00e9get ma tartott\u00e1k a helikopter b\u00e1zison. Kov\u00e1cs Kriszti\u00e1n alezredes, parancsnok, Rubik Sz\u00e1ll\u00edt\u00f3 Rep\u00fcl\u0151 Z\u00e1szl\u00f3alj: -&#8220;Egy 10 f\u0151s csapat megy ki Afganiszt\u00e1n f\u0151v\u00e1ros\u00e1ba Kabulba. \u00d5k egy l\u00e9gi tan\u00e1csad\u00f3 csoport, feladatuk az afg\u00e1n l\u00e9gier\u0151 311-es helikopter z\u00e1szl\u00f3alj\u00e1nak, csapat\u00e1nak a mentor\u00e1l\u00e1sa, sz\u00e1mukra tan\u00e1csad\u00e1s. Seg\u00edt\u00fcnk sz\u00e1mukra felk\u00e9sz\u00fclni a m\u0171veleti [&hellip;]<\/p>\n","protected":false},"author":2,"featured_media":0,"comment_status":"closed","ping_status":"closed","sticky":false,"template":"","format":"standard","meta":[],"categories":[9],"tags":[],"_links":{"self":[{"href":"http:\/\/archiv.szolnoktv.hu\/index.php?rest_route=\/wp\/v2\/posts\/7918"}],"collection":[{"href":"http:\/\/archiv.szolnoktv.hu\/index.php?rest_route=\/wp\/v2\/posts"}],"about":[{"href":"http:\/\/archiv.szolnoktv.hu\/index.php?rest_route=\/wp\/v2\/types\/post"}],"author":[{"embeddable":true,"href":"http:\/\/archiv.szolnoktv.hu\/index.php?rest_route=\/wp\/v2\/users\/2"}],"replies":[{"embeddable":true,"href":"http:\/\/archiv.szolnoktv.hu\/index.php?rest_route=%2Fwp%2Fv2%2Fcomments&post=7918"}],"version-history":[{"count":1,"href":"http:\/\/archiv.szolnoktv.hu\/index.php?rest_route=\/wp\/v2\/posts\/7918\/revisions"}],"predecessor-version":[{"id":7941,"href":"http:\/\/archiv.szolnoktv.hu\/index.php?rest_route=\/wp\/v2\/posts\/7918\/revisions\/7941"}],"wp:attachment":[{"href":"http:\/\/archiv.szolnoktv.hu\/index.php?rest_route=%2Fwp%2Fv2%2Fmedia&parent=7918"}],"wp:term":[{"taxonomy":"category","embeddable":true,"href":"http:\/\/archiv.szolnoktv.hu\/index.php?rest_route=%2Fwp%2Fv2%2Fcategories&post=7918"},{"taxonomy":"post_tag","embeddable":true,"href":"http:\/\/archiv.szolnoktv.hu\/index.php?rest_route=%2Fwp%2Fv2%2Ftags&post=7918"}],"curies":[{"name":"wp","href":"https:\/\/api.w.org\/{rel}","templated":true}]}}