{"id":7917,"date":"2018-01-11T19:23:12","date_gmt":"2018-01-11T19:23:12","guid":{"rendered":"http:\/\/archiv.szolnoktv.hu\/?p=7917"},"modified":"2021-08-13T15:00:01","modified_gmt":"2021-08-13T15:00:01","slug":"elkezdodott-az-ovoda-iskola-tobb-a-beteg-gyerek","status":"publish","type":"post","link":"http:\/\/archiv.szolnoktv.hu\/?p=7917","title":{"rendered":"Elkezd\u0151d\u00f6tt az \u00f3voda, iskola, t\u00f6bb a beteg gyerek"},"content":{"rendered":"<div class='booster-block booster-read-block'><\/div><p>Egyre t\u00f6bb torkot vizsg\u00e1lnak a gyermekorvosok. Az enyhe id\u0151 ugyanis kedvez a k\u00f3rokoz\u00f3k szaporod\u00e1s\u00e1nak. F\u0151leg igaz ez a gyermekk\u00f6z\u00f6ss\u00e9gekre.<\/p>\n<p>Balog Katalin kisl\u00e1ny\u00e1t hozta az orvoshoz: <\/p>\n<p>-&#8220;F\u00fclf\u00e1j\u00e1ssal j\u00f6tt\u00fcnk, m\u00falt h\u00e9ten kezdte az \u00f3vod\u00e1t \u00e9s most hozni kellett, mert a f\u00fcle. Val\u00f3sz\u00edn\u0171leg r\u00e1ment a n\u00e1tha. Azt tapasztalom, hogy nagyon sok beteg van most az \u00f3vod\u00e1kban, ez az id\u0151 kedvez a megf\u00e1z\u00e1sos megbeteged\u00e9seknek. &#8211;<\/p>\n<p>Sokszor a megnagyobbodott nyaki nyirokcsom\u00f3k f\u00e1jdalm\u00e1t v\u00e9lik a kicsik f\u00fclf\u00e1j\u00e1snak. B\u00e1r t\u00f6bb a beteg, j\u00e1rv\u00e1ny m\u00e9g nincs. <\/p>\n<p>Dr. Kiss L\u00e1szl\u00f3 gyermekorvos: <\/p>\n<p>-&#8220;Influenz\u00e1t nem l\u00e1ttam m\u00e9g eddig, a l\u00e9g\u00fati hurutos betegs\u00e9gek azok vannak, de nem emelkedett sz\u00e1mban, teh\u00e1t nem besz\u00e9lhetek j\u00e1rv\u00e1nyr\u00f3l. K\u00f6h\u00f6g\u00e9ssel , n\u00e1th\u00e1val tud j\u00e1rni, id\u0151nk\u00e9nt hasmen\u00e9ssel, csip\u00e1sod\u00e1ssal. Ez \u00e1ltal\u00e1ban adenov\u00edrus fert\u0151z\u00e9sre utal, teh\u00e1t ezekn\u00e9l antibiotikumot sem kell adni. &#8211;<\/p>\n<p>Legfontosabb ez esetben is a megel\u0151z\u00e9s. A kamaszokra is  r\u00e1 kell  im\u00e1dkozni a sapk\u00e1t \u00e9s a s\u00e1lat-hangs\u00falyozta az orvos. <\/p>\n<p>-&#8220;Vegyes t\u00e1pl\u00e1lkoz\u00e1s, meg c vitamin, meg mozogjon az az \u00e1rtatlan gyerek, min\u00e9l t\u00f6bb id\u0151t t\u00f6lts\u00f6n kint a leveg\u0151n m\u00e9g akkor is ha esetleg p\u00e1r\u00e1s az az id\u0151&#8221;-tette hozz\u00e1 az orvos. <\/p>\n<p>  A fels\u0151 l\u00e9g\u00fati megbeteged\u00e9sekt\u0151l meggyeng\u00fclt immunrendszert nagyobb es\u00e9llyel t\u00e1madhatja a k\u00f6zeled\u0151 influenza, \u00edgy az orvosok azt mondj\u00e1k, m\u00e9g most sem k\u00e9s\u0151 beadatni az influenza elleni v\u00e9d\u0151olt\u00e1st.  &nbsp;<div style=\"width: 640px;\" class=\"wp-video\"><!--[if lt IE 9]><script>document.createElement('video');<\/script><![endif]-->\n<video class=\"wp-video-shortcode\" id=\"video-7917-1\" width=\"640\" height=\"360\" preload=\"metadata\" controls=\"controls\"><source type=\"video\/mp4\" src=\"\/spots\/hir\/hir_180111_06.mp4?_=1\" \/><a href=\"\/spots\/hir\/hir_180111_06.mp4\">\/spots\/hir\/hir_180111_06.mp4<\/a><\/video><\/div><\/p>\n","protected":false},"excerpt":{"rendered":"<p>Egyre t\u00f6bb torkot vizsg\u00e1lnak a gyermekorvosok. Az enyhe id\u0151 ugyanis kedvez a k\u00f3rokoz\u00f3k szaporod\u00e1s\u00e1nak. F\u0151leg igaz ez a gyermekk\u00f6z\u00f6ss\u00e9gekre. Balog Katalin kisl\u00e1ny\u00e1t hozta az orvoshoz: -&#8220;F\u00fclf\u00e1j\u00e1ssal j\u00f6tt\u00fcnk, m\u00falt h\u00e9ten kezdte az \u00f3vod\u00e1t \u00e9s most hozni kellett, mert a f\u00fcle. Val\u00f3sz\u00edn\u0171leg r\u00e1ment a n\u00e1tha. Azt tapasztalom, hogy nagyon sok beteg van most az \u00f3vod\u00e1kban, ez az [&hellip;]<\/p>\n","protected":false},"author":2,"featured_media":0,"comment_status":"closed","ping_status":"closed","sticky":false,"template":"","format":"standard","meta":[],"categories":[9],"tags":[],"_links":{"self":[{"href":"http:\/\/archiv.szolnoktv.hu\/index.php?rest_route=\/wp\/v2\/posts\/7917"}],"collection":[{"href":"http:\/\/archiv.szolnoktv.hu\/index.php?rest_route=\/wp\/v2\/posts"}],"about":[{"href":"http:\/\/archiv.szolnoktv.hu\/index.php?rest_route=\/wp\/v2\/types\/post"}],"author":[{"embeddable":true,"href":"http:\/\/archiv.szolnoktv.hu\/index.php?rest_route=\/wp\/v2\/users\/2"}],"replies":[{"embeddable":true,"href":"http:\/\/archiv.szolnoktv.hu\/index.php?rest_route=%2Fwp%2Fv2%2Fcomments&post=7917"}],"version-history":[{"count":1,"href":"http:\/\/archiv.szolnoktv.hu\/index.php?rest_route=\/wp\/v2\/posts\/7917\/revisions"}],"predecessor-version":[{"id":7942,"href":"http:\/\/archiv.szolnoktv.hu\/index.php?rest_route=\/wp\/v2\/posts\/7917\/revisions\/7942"}],"wp:attachment":[{"href":"http:\/\/archiv.szolnoktv.hu\/index.php?rest_route=%2Fwp%2Fv2%2Fmedia&parent=7917"}],"wp:term":[{"taxonomy":"category","embeddable":true,"href":"http:\/\/archiv.szolnoktv.hu\/index.php?rest_route=%2Fwp%2Fv2%2Fcategories&post=7917"},{"taxonomy":"post_tag","embeddable":true,"href":"http:\/\/archiv.szolnoktv.hu\/index.php?rest_route=%2Fwp%2Fv2%2Ftags&post=7917"}],"curies":[{"name":"wp","href":"https:\/\/api.w.org\/{rel}","templated":true}]}}