{"id":7916,"date":"2018-01-11T17:50:39","date_gmt":"2018-01-11T17:50:39","guid":{"rendered":"http:\/\/archiv.szolnoktv.hu\/?p=7916"},"modified":"2021-08-13T15:00:01","modified_gmt":"2021-08-13T15:00:01","slug":"iden-sem-lesz-olcso-alberletben-lakni","status":"publish","type":"post","link":"http:\/\/archiv.szolnoktv.hu\/?p=7916","title":{"rendered":"Id\u00e9n sem lesz olcs\u00f3 alb\u00e9rletben lakni"},"content":{"rendered":"<div class='booster-block booster-read-block'><\/div><p>A belv\u00e1rosban, de ak\u00e1r Szandasz\u0151l\u0151s\u00f6n is b\u00e9relhetnek ingatlant azok, akiknek nincs saj\u00e1t lak\u00e1suk. A havid\u00edj a m\u00e9rett\u0151l, b\u00fatorozotts\u00e1gt\u00f3l, fel\u00faj\u00edtotts\u00e1gt\u00f3l, illetve att\u00f3l is f\u00fcgg, hogy a v\u00e1ros melyik pontj\u00e1n tal\u00e1lhat\u00f3. Szegedi Ad\u00e1m 4 \u00e9ve lakik alb\u00e9rletben. \u00d5 a b\u00e9rleti d\u00edjjal \u00e9s a havi kiad\u00e1sokkal egy\u00fctt minden h\u00f3napban nagyj\u00e1b\u00f3l 80 ezer forintot fizet. <\/p>\n<p>-Az alb\u00e9rlet keres\u00e9s n\u00e9ha neh\u00e9z, mert sok a h\u00e1tul\u00fct\u0151je. Egy az, hogy egy\u00e1ltal\u00e1n hol van, illetve mennyibe ker\u00fcl. \u00c1ltal\u00e1ban a belv\u00e1roshoz k\u00f6zel pr\u00f3b\u00e1lok ink\u00e1bb alb\u00e9rletet keresni. De szerencs\u00e9re ebbe a h\u00e1zt\u00f6mben siker\u00fclt itt. A rezsi \u00e9s a kiad\u00e1sok eg\u00e9sz j\u00f3k a mostani viszonylat k\u00f6z\u00f6tt.&#8221;- mes\u00e9lte Szegedi \u00c1d\u00e1m. <\/p>\n<p>A b\u00e9rleti d\u00edjak tekintet\u00e9ben v\u00e1rosonk\u00e9nt jelent\u0151s sz\u00f3r\u00e1s tapasztalhat\u00f3. Szeged k\u00fclv\u00e1ros\u00e1ban ak\u00e1r 70 forint\u00e9rt, m\u00edg a belv\u00e1rosban 120 ezer forint\u00e9rt lehet lak\u00e1st b\u00e9relni. Budapesten az \u00e1rak 100.000 forintn\u00e1l kezd\u0151dnek. Szolnokon sem jobb a helyzet. A v\u00e1rosban 50 ezer forint \u00e9s 110 ezer forint k\u00f6z\u00f6tt mozognak a b\u00e9rleti d\u00edjak, ami nem tartalmazz\u00e1k a fenntart\u00e1si k\u00f6lts\u00e9geket. <\/p>\n<p>-Lehet tal\u00e1lni a v\u00e1rosban alb\u00e9rleteket, de nagyon keveset. A r\u00e9giekb\u0151l kiindulva nagyon kev\u00e9s alb\u00e9rlet\u00fcnk volt, ez gener\u00e1lta f\u00f6l ezeket az \u00e1rakat. Akik keresik azok ink\u00e1bb a fiatalok, akik vid\u00e9ken laknak \u00e9s bent a Szolnoki \u00e9letben tal\u00e1lt\u00e1k meg munkahely\u00fcket.&#8221;- mondta Ancsin Zita a CasaNetWork irodavezet\u0151je. <\/p>\n<p>Fontos, hogy az alb\u00e9rl\u0151 \u00e9s a f\u0151b\u00e9rl\u0151 megegyez\u00e9s\u00e9t szerz\u0151d\u00e9sben is r\u00f6gz\u00edtse. A nyomtatv\u00e1nyt b\u00e1rki let\u00f6ltheti az internetr\u0151l. Ez szerz\u0151d\u00e9s a b\u00e9rl\u0151 adatai \u00e9s a b\u00e9rbead\u00e1s felt\u00e9telei, valamint id\u0151pontja mellett a kauci\u00f3 \u00f6sszeg\u00e9t is tartalmazza.  &nbsp;<div style=\"width: 640px;\" class=\"wp-video\"><!--[if lt IE 9]><script>document.createElement('video');<\/script><![endif]-->\n<video class=\"wp-video-shortcode\" id=\"video-7916-1\" width=\"640\" height=\"360\" preload=\"metadata\" controls=\"controls\"><source type=\"video\/mp4\" src=\"\/spots\/hir\/hir_180111_05.mp4?_=1\" \/><a href=\"\/spots\/hir\/hir_180111_05.mp4\">\/spots\/hir\/hir_180111_05.mp4<\/a><\/video><\/div><\/p>\n","protected":false},"excerpt":{"rendered":"<p>A belv\u00e1rosban, de ak\u00e1r Szandasz\u0151l\u0151s\u00f6n is b\u00e9relhetnek ingatlant azok, akiknek nincs saj\u00e1t lak\u00e1suk. A havid\u00edj a m\u00e9rett\u0151l, b\u00fatorozotts\u00e1gt\u00f3l, fel\u00faj\u00edtotts\u00e1gt\u00f3l, illetve att\u00f3l is f\u00fcgg, hogy a v\u00e1ros melyik pontj\u00e1n tal\u00e1lhat\u00f3. Szegedi Ad\u00e1m 4 \u00e9ve lakik alb\u00e9rletben. \u00d5 a b\u00e9rleti d\u00edjjal \u00e9s a havi kiad\u00e1sokkal egy\u00fctt minden h\u00f3napban nagyj\u00e1b\u00f3l 80 ezer forintot fizet. -Az alb\u00e9rlet keres\u00e9s n\u00e9ha [&hellip;]<\/p>\n","protected":false},"author":2,"featured_media":0,"comment_status":"closed","ping_status":"closed","sticky":false,"template":"","format":"standard","meta":[],"categories":[9],"tags":[],"_links":{"self":[{"href":"http:\/\/archiv.szolnoktv.hu\/index.php?rest_route=\/wp\/v2\/posts\/7916"}],"collection":[{"href":"http:\/\/archiv.szolnoktv.hu\/index.php?rest_route=\/wp\/v2\/posts"}],"about":[{"href":"http:\/\/archiv.szolnoktv.hu\/index.php?rest_route=\/wp\/v2\/types\/post"}],"author":[{"embeddable":true,"href":"http:\/\/archiv.szolnoktv.hu\/index.php?rest_route=\/wp\/v2\/users\/2"}],"replies":[{"embeddable":true,"href":"http:\/\/archiv.szolnoktv.hu\/index.php?rest_route=%2Fwp%2Fv2%2Fcomments&post=7916"}],"version-history":[{"count":1,"href":"http:\/\/archiv.szolnoktv.hu\/index.php?rest_route=\/wp\/v2\/posts\/7916\/revisions"}],"predecessor-version":[{"id":7943,"href":"http:\/\/archiv.szolnoktv.hu\/index.php?rest_route=\/wp\/v2\/posts\/7916\/revisions\/7943"}],"wp:attachment":[{"href":"http:\/\/archiv.szolnoktv.hu\/index.php?rest_route=%2Fwp%2Fv2%2Fmedia&parent=7916"}],"wp:term":[{"taxonomy":"category","embeddable":true,"href":"http:\/\/archiv.szolnoktv.hu\/index.php?rest_route=%2Fwp%2Fv2%2Fcategories&post=7916"},{"taxonomy":"post_tag","embeddable":true,"href":"http:\/\/archiv.szolnoktv.hu\/index.php?rest_route=%2Fwp%2Fv2%2Ftags&post=7916"}],"curies":[{"name":"wp","href":"https:\/\/api.w.org\/{rel}","templated":true}]}}