{"id":7913,"date":"2018-01-11T16:15:56","date_gmt":"2018-01-11T16:15:56","guid":{"rendered":"http:\/\/archiv.szolnoktv.hu\/?p=7913"},"modified":"2021-08-13T15:00:01","modified_gmt":"2021-08-13T15:00:01","slug":"elhunyt-ujlaky-laszlo-jaszai-mari-dijas-szinmuvesz","status":"publish","type":"post","link":"http:\/\/archiv.szolnoktv.hu\/?p=7913","title":{"rendered":"Elhunyt Ujlaky L\u00e1szl\u00f3 J\u00e1szai Mari-d\u00edjas sz\u00ednm\u0171v\u00e9sz"},"content":{"rendered":"<div class='booster-block booster-read-block'><\/div><p>Vesztegz\u00e1r a Grand Hotelben, Mester \u00e9s Margarita, Tanner Jhon h\u00e1zass\u00e1ga- ezekben a sz\u00edndarabokban is l\u00e1thatta a k\u00f6z\u00f6ns\u00e9g Ujlaky L\u00e1szl\u00f3t. A J\u00e1szai Mari- d\u00edjas sz\u00ednm\u0171v\u00e9sz 1942. m\u00e1rcius 8-\u00e1n sz\u00fcletett Budapesten. A Sz\u00ednh\u00e1z \u00e9s Filmm\u0171v\u00e9szeti F\u0151iskola ut\u00e1n az orsz\u00e1g t\u00f6bb te\u00e1trum\u00e1nak volt tagja. Sz\u00ednpadra l\u00e9pett a Szegedi \u00e9s P\u00e9csi Nemzeti Sz\u00ednh\u00e1zban, illetve a gy\u0151ri Kisfaludy Sz\u00ednh\u00e1zban is. A fekete lobog\u00f3t a szolnoki te\u00e1trumra is kihelyezt\u00e9k. Ujlaky L\u00e1szl\u00f3 k\u00e9t hosszabb id\u0151szakot is elt\u00f6lt\u00f6tt a Szigligeti Sz\u00ednh\u00e1zban. A f\u0151iskol\u00e1t k\u00f6vet\u0151en 1964-1972, majd 1988-2002 volt a t\u00e1rsulat tagja. A szolnoki \u00e9vek ut\u00e1n 2002-2008 a Nemzeti Sz\u00ednh\u00e1z darabjaiban l\u00e1thatta a k\u00f6z\u00f6ns\u00e9g. <\/p>\n<p>A sz\u00ednpadi darabok mellett, tv sorozatokban \u00e9s filmekben is szerepet v\u00e1llalt. Munk\u00e1ss\u00e1g\u00e1t 1977-ben J\u00e1szai Mari-d\u00edjjal ismert\u00e9k el. <br \/>Ujlaky L\u00e1szl\u00f3 \u00e9let\u00e9nek 76. \u00e9v\u00e9ben hunyt el janu\u00e1r 9-\u00e9n. A m\u0171v\u00e9sz temet\u00e9s\u00e9r\u0151l k\u00e9s\u0151bb int\u00e9zkednek. <br \/>  &nbsp;<div style=\"width: 640px;\" class=\"wp-video\"><!--[if lt IE 9]><script>document.createElement('video');<\/script><![endif]-->\n<video class=\"wp-video-shortcode\" id=\"video-7913-1\" width=\"640\" height=\"360\" preload=\"metadata\" controls=\"controls\"><source type=\"video\/mp4\" src=\"\/spots\/hir\/hir_180111_03.mp4?_=1\" \/><a href=\"\/spots\/hir\/hir_180111_03.mp4\">\/spots\/hir\/hir_180111_03.mp4<\/a><\/video><\/div><\/p>\n","protected":false},"excerpt":{"rendered":"<p>Vesztegz\u00e1r a Grand Hotelben, Mester \u00e9s Margarita, Tanner Jhon h\u00e1zass\u00e1ga- ezekben a sz\u00edndarabokban is l\u00e1thatta a k\u00f6z\u00f6ns\u00e9g Ujlaky L\u00e1szl\u00f3t. A J\u00e1szai Mari- d\u00edjas sz\u00ednm\u0171v\u00e9sz 1942. m\u00e1rcius 8-\u00e1n sz\u00fcletett Budapesten. A Sz\u00ednh\u00e1z \u00e9s Filmm\u0171v\u00e9szeti F\u0151iskola ut\u00e1n az orsz\u00e1g t\u00f6bb te\u00e1trum\u00e1nak volt tagja. Sz\u00ednpadra l\u00e9pett a Szegedi \u00e9s P\u00e9csi Nemzeti Sz\u00ednh\u00e1zban, illetve a gy\u0151ri Kisfaludy Sz\u00ednh\u00e1zban is. [&hellip;]<\/p>\n","protected":false},"author":2,"featured_media":0,"comment_status":"closed","ping_status":"closed","sticky":false,"template":"","format":"standard","meta":[],"categories":[9],"tags":[],"_links":{"self":[{"href":"http:\/\/archiv.szolnoktv.hu\/index.php?rest_route=\/wp\/v2\/posts\/7913"}],"collection":[{"href":"http:\/\/archiv.szolnoktv.hu\/index.php?rest_route=\/wp\/v2\/posts"}],"about":[{"href":"http:\/\/archiv.szolnoktv.hu\/index.php?rest_route=\/wp\/v2\/types\/post"}],"author":[{"embeddable":true,"href":"http:\/\/archiv.szolnoktv.hu\/index.php?rest_route=\/wp\/v2\/users\/2"}],"replies":[{"embeddable":true,"href":"http:\/\/archiv.szolnoktv.hu\/index.php?rest_route=%2Fwp%2Fv2%2Fcomments&post=7913"}],"version-history":[{"count":1,"href":"http:\/\/archiv.szolnoktv.hu\/index.php?rest_route=\/wp\/v2\/posts\/7913\/revisions"}],"predecessor-version":[{"id":7946,"href":"http:\/\/archiv.szolnoktv.hu\/index.php?rest_route=\/wp\/v2\/posts\/7913\/revisions\/7946"}],"wp:attachment":[{"href":"http:\/\/archiv.szolnoktv.hu\/index.php?rest_route=%2Fwp%2Fv2%2Fmedia&parent=7913"}],"wp:term":[{"taxonomy":"category","embeddable":true,"href":"http:\/\/archiv.szolnoktv.hu\/index.php?rest_route=%2Fwp%2Fv2%2Fcategories&post=7913"},{"taxonomy":"post_tag","embeddable":true,"href":"http:\/\/archiv.szolnoktv.hu\/index.php?rest_route=%2Fwp%2Fv2%2Ftags&post=7913"}],"curies":[{"name":"wp","href":"https:\/\/api.w.org\/{rel}","templated":true}]}}