{"id":7912,"date":"2018-01-11T16:14:33","date_gmt":"2018-01-11T16:14:33","guid":{"rendered":"http:\/\/archiv.szolnoktv.hu\/?p=7912"},"modified":"2021-08-13T15:00:01","modified_gmt":"2021-08-13T15:00:01","slug":"felujitjak-a-focikapu-buszmegallokat","status":"publish","type":"post","link":"http:\/\/archiv.szolnoktv.hu\/?p=7912","title":{"rendered":"Fel\u00faj\u00edtj\u00e1k a focikapu buszmeg\u00e1ll\u00f3kat"},"content":{"rendered":"<div class='booster-block booster-read-block'><\/div><p>A labda a bal fels\u0151 sarokban, a kapu pedig a KMKK Zrt. szolnoki telep\u00e9n. A futballkapu form\u00e1j\u00fa buszmeg\u00e1ll\u00f3kat 2009. okt\u00f3ber\u00e9ben adt\u00e1k \u00e1t &#8211; egy Braz\u00edli\u00e1ban m\u00e1r meg\u00e9p\u00edtett v\u00e1r\u00f3 mint\u00e1j\u00e1ra &#8211; a Tiszaligeti Stadion mellett. Az az\u00f3ta eltelt id\u0151 alatt a megyesz\u00e9khely labdar\u00fag\u00f3csapata megj\u00e1rta az els\u0151 oszt\u00e1lyt is a v\u00e1r\u00f3kon pedig megl\u00e1tszik az id\u0151 vas foga, de sajnos itt-ott a rong\u00e1l\u00f3k keze munk\u00e1ja is. Minden tekintetben r\u00e1f\u00e9r a renkonstru\u00e1l\u00e1s. Jelenleg a szerkezetet szedik sz\u00e9t, hogy minden elemet megfelel\u0151 m\u00f3don fel\u00faj\u00edthassanak.<\/p>\n<p>&#8220;Amely mag\u00e1ba foglalja term\u00e9szetesen a fest\u00e9st<\/p>\n","protected":false},"excerpt":{"rendered":"<p>A labda a bal fels\u0151 sarokban, a kapu pedig a KMKK Zrt. szolnoki telep\u00e9n. A futballkapu form\u00e1j\u00fa buszmeg\u00e1ll\u00f3kat 2009. okt\u00f3ber\u00e9ben adt\u00e1k \u00e1t &#8211; egy Braz\u00edli\u00e1ban m\u00e1r meg\u00e9p\u00edtett v\u00e1r\u00f3 mint\u00e1j\u00e1ra &#8211; a Tiszaligeti Stadion mellett. Az az\u00f3ta eltelt id\u0151 alatt a megyesz\u00e9khely labdar\u00fag\u00f3csapata megj\u00e1rta az els\u0151 oszt\u00e1lyt is a v\u00e1r\u00f3kon pedig megl\u00e1tszik az id\u0151 vas foga, [&hellip;]<\/p>\n","protected":false},"author":2,"featured_media":0,"comment_status":"closed","ping_status":"closed","sticky":false,"template":"","format":"standard","meta":[],"categories":[9],"tags":[],"_links":{"self":[{"href":"http:\/\/archiv.szolnoktv.hu\/index.php?rest_route=\/wp\/v2\/posts\/7912"}],"collection":[{"href":"http:\/\/archiv.szolnoktv.hu\/index.php?rest_route=\/wp\/v2\/posts"}],"about":[{"href":"http:\/\/archiv.szolnoktv.hu\/index.php?rest_route=\/wp\/v2\/types\/post"}],"author":[{"embeddable":true,"href":"http:\/\/archiv.szolnoktv.hu\/index.php?rest_route=\/wp\/v2\/users\/2"}],"replies":[{"embeddable":true,"href":"http:\/\/archiv.szolnoktv.hu\/index.php?rest_route=%2Fwp%2Fv2%2Fcomments&post=7912"}],"version-history":[{"count":1,"href":"http:\/\/archiv.szolnoktv.hu\/index.php?rest_route=\/wp\/v2\/posts\/7912\/revisions"}],"predecessor-version":[{"id":7947,"href":"http:\/\/archiv.szolnoktv.hu\/index.php?rest_route=\/wp\/v2\/posts\/7912\/revisions\/7947"}],"wp:attachment":[{"href":"http:\/\/archiv.szolnoktv.hu\/index.php?rest_route=%2Fwp%2Fv2%2Fmedia&parent=7912"}],"wp:term":[{"taxonomy":"category","embeddable":true,"href":"http:\/\/archiv.szolnoktv.hu\/index.php?rest_route=%2Fwp%2Fv2%2Fcategories&post=7912"},{"taxonomy":"post_tag","embeddable":true,"href":"http:\/\/archiv.szolnoktv.hu\/index.php?rest_route=%2Fwp%2Fv2%2Ftags&post=7912"}],"curies":[{"name":"wp","href":"https:\/\/api.w.org\/{rel}","templated":true}]}}