{"id":7911,"date":"2018-01-10T17:16:02","date_gmt":"2018-01-10T17:16:02","guid":{"rendered":"http:\/\/archiv.szolnoktv.hu\/?p=7911"},"modified":"2021-08-13T15:00:02","modified_gmt":"2021-08-13T15:00:02","slug":"megkezdtek-a-korhaz-fofalainak-bontasat","status":"publish","type":"post","link":"http:\/\/archiv.szolnoktv.hu\/?p=7911","title":{"rendered":"Megkezdt\u00e9k a k\u00f3rh\u00e1z f\u0151falainak bont\u00e1s\u00e1t"},"content":{"rendered":"<div class='booster-block booster-read-block'><\/div><p>A tet\u0151 elt\u00e1vol\u00edt\u00e1s\u00e1val a tervek szerint tavaly \u0151sz v\u00e9g\u00e9n befejez\u0151d\u00f6tt a t\u00fcd\u0151k\u00f3rh\u00e1z szan\u00e1l\u00e1s\u00e1nak els\u0151 \u00fcteme. Akkor a kivitelez\u0151 m\u00e9g \u00fagy tervezte, hogy tavasszal kezdik el a szerkezeti bont\u00e1st. Az id\u0151j\u00e1r\u00e1s azonban most lehet\u0151s\u00e9get biztos\u00edtott a kor\u00e1bbi kezd\u00e9sre. A  munka jelent\u0151s porterhel\u00e9ssel \u00e9s zajhat\u00e1ssal j\u00e1r.<\/p>\n<p>&#8220;Locsoljuk az \u00e9p\u00edtkez\u00e9st<\/p>\n","protected":false},"excerpt":{"rendered":"<p>A tet\u0151 elt\u00e1vol\u00edt\u00e1s\u00e1val a tervek szerint tavaly \u0151sz v\u00e9g\u00e9n befejez\u0151d\u00f6tt a t\u00fcd\u0151k\u00f3rh\u00e1z szan\u00e1l\u00e1s\u00e1nak els\u0151 \u00fcteme. Akkor a kivitelez\u0151 m\u00e9g \u00fagy tervezte, hogy tavasszal kezdik el a szerkezeti bont\u00e1st. Az id\u0151j\u00e1r\u00e1s azonban most lehet\u0151s\u00e9get biztos\u00edtott a kor\u00e1bbi kezd\u00e9sre. A munka jelent\u0151s porterhel\u00e9ssel \u00e9s zajhat\u00e1ssal j\u00e1r. &#8220;Locsoljuk az \u00e9p\u00edtkez\u00e9st<\/p>\n","protected":false},"author":2,"featured_media":0,"comment_status":"closed","ping_status":"closed","sticky":false,"template":"","format":"standard","meta":[],"categories":[9],"tags":[],"_links":{"self":[{"href":"http:\/\/archiv.szolnoktv.hu\/index.php?rest_route=\/wp\/v2\/posts\/7911"}],"collection":[{"href":"http:\/\/archiv.szolnoktv.hu\/index.php?rest_route=\/wp\/v2\/posts"}],"about":[{"href":"http:\/\/archiv.szolnoktv.hu\/index.php?rest_route=\/wp\/v2\/types\/post"}],"author":[{"embeddable":true,"href":"http:\/\/archiv.szolnoktv.hu\/index.php?rest_route=\/wp\/v2\/users\/2"}],"replies":[{"embeddable":true,"href":"http:\/\/archiv.szolnoktv.hu\/index.php?rest_route=%2Fwp%2Fv2%2Fcomments&post=7911"}],"version-history":[{"count":1,"href":"http:\/\/archiv.szolnoktv.hu\/index.php?rest_route=\/wp\/v2\/posts\/7911\/revisions"}],"predecessor-version":[{"id":7948,"href":"http:\/\/archiv.szolnoktv.hu\/index.php?rest_route=\/wp\/v2\/posts\/7911\/revisions\/7948"}],"wp:attachment":[{"href":"http:\/\/archiv.szolnoktv.hu\/index.php?rest_route=%2Fwp%2Fv2%2Fmedia&parent=7911"}],"wp:term":[{"taxonomy":"category","embeddable":true,"href":"http:\/\/archiv.szolnoktv.hu\/index.php?rest_route=%2Fwp%2Fv2%2Fcategories&post=7911"},{"taxonomy":"post_tag","embeddable":true,"href":"http:\/\/archiv.szolnoktv.hu\/index.php?rest_route=%2Fwp%2Fv2%2Ftags&post=7911"}],"curies":[{"name":"wp","href":"https:\/\/api.w.org\/{rel}","templated":true}]}}