{"id":7910,"date":"2018-01-10T17:14:36","date_gmt":"2018-01-10T17:14:36","guid":{"rendered":"http:\/\/archiv.szolnoktv.hu\/?p=7910"},"modified":"2021-08-13T15:00:02","modified_gmt":"2021-08-13T15:00:02","slug":"szikvizgyarto-gepet-restauralnak-szolnokon","status":"publish","type":"post","link":"http:\/\/archiv.szolnoktv.hu\/?p=7910","title":{"rendered":"Szikv\u00edzgy\u00e1rt\u00f3 g\u00e9pet restaur\u00e1lnak Szolnokon"},"content":{"rendered":"<div class='booster-block booster-read-block'><\/div><p>M\u00e9g meg van a tervrajza az els\u0151  -Savany\u00fav\u00edzi k\u00e9sz\u00fcletnek&#8221; azaz sz\u00f3dav\u00edzk\u00e9sz\u00edt\u0151 g\u00e9pnek, amit 1826-ban tal\u00e1lt fel Jedlik \u00c1nyos. A szikv\u00edz az\u00f3ta n\u00e9pszer\u0171 a vil\u00e1gban. A jelenleg Szolnokon tal\u00e1lhat\u00f3 3 f\u00e1zisb\u00f3l \u00e1ll\u00f3 szerkezetet, az 1960-as \u00e9vekben Hamburgban gy\u00e1rtott\u00e1k. <\/p>\n<p>-Itt sz\u00e9n-dioxiddal van tel\u00edtve ez a tart\u00e1ly. Ebbe egy porlaszt\u00f3 seg\u00edts\u00e9g\u00e9vel beporlasztjuk a folyad\u00e9kot, a vizet. Mikor el\u00e9ri itt is a szintet akkor meg\u00e1ll a rendszerben a szivatty\u00fa \u00e9s onnant\u00f3l kezdve k\u00e9sz van a sz\u00f3daviz\u00fcnk.&#8221;- mondta Varga Lajos Jedlik \u00c1nyos-d\u00edjas Szikv\u00edzk\u00e9sz\u00edt\u0151 <\/p>\n<p>A berendez\u00e9s fel\u00faj\u00edt\u00e1s\u00e1val a g\u00e9p jelenlegi tulajdonosa kereste meg Varga Lajost, aki 2001 \u00f3ta foglalkozik restaur\u00e1l\u00e1ssal, amit autodidakta m\u00f3don saj\u00e1t\u00edtott el szakk\u00f6nyvekb\u0151l-, illetve lapokb\u00f3l. A fel\u00faj\u00edt\u00e1sban eszterg\u00e1lyosok, marosok- \u00e9s hegeszt\u0151k is r\u00e9szt vesznek.<\/p>\n<p>-F\u00f6l\u00fclr\u0151l bontunk mindent. Term\u00e9szetesen r\u00f6gz\u00edt\u00fcnk mindent fot\u00f3kon. Hiszen k\u00e9t egyforma r\u00e9sz nincs ebbe az eg\u00e9sz rendszerbe. Azt gondlom, hogy van egy folyamat, van egy sor. Tiszt\u00edt\u00e1s k\u00f6vetkezik, azt\u00e1n az elhaszn\u00e1lt alkatr\u00e9szek gy\u00e1rt\u00e1sa elektromos vez\u00e9rl\u00e9s megold\u00e1sa.&#8221;- tette hozz\u00e1 Varga Lajos. <\/p>\n<p>A restaur\u00e1l\u00e1s a j\u00f6v\u0151ben a Korona t\u00edpus\u00fa magyar szikv\u00edzgy\u00e1rt\u00f3g\u00e9ppel folytat\u00f3dik.  &nbsp;<div style=\"width: 640px;\" class=\"wp-video\"><!--[if lt IE 9]><script>document.createElement('video');<\/script><![endif]-->\n<video class=\"wp-video-shortcode\" id=\"video-7910-1\" width=\"640\" height=\"360\" preload=\"metadata\" controls=\"controls\"><source type=\"video\/mp4\" src=\"\/spots\/hir\/hir_180110_05.mp4?_=1\" \/><a href=\"\/spots\/hir\/hir_180110_05.mp4\">\/spots\/hir\/hir_180110_05.mp4<\/a><\/video><\/div><\/p>\n","protected":false},"excerpt":{"rendered":"<p>M\u00e9g meg van a tervrajza az els\u0151 -Savany\u00fav\u00edzi k\u00e9sz\u00fcletnek&#8221; azaz sz\u00f3dav\u00edzk\u00e9sz\u00edt\u0151 g\u00e9pnek, amit 1826-ban tal\u00e1lt fel Jedlik \u00c1nyos. A szikv\u00edz az\u00f3ta n\u00e9pszer\u0171 a vil\u00e1gban. A jelenleg Szolnokon tal\u00e1lhat\u00f3 3 f\u00e1zisb\u00f3l \u00e1ll\u00f3 szerkezetet, az 1960-as \u00e9vekben Hamburgban gy\u00e1rtott\u00e1k. -Itt sz\u00e9n-dioxiddal van tel\u00edtve ez a tart\u00e1ly. Ebbe egy porlaszt\u00f3 seg\u00edts\u00e9g\u00e9vel beporlasztjuk a folyad\u00e9kot, a vizet. Mikor el\u00e9ri [&hellip;]<\/p>\n","protected":false},"author":2,"featured_media":0,"comment_status":"closed","ping_status":"closed","sticky":false,"template":"","format":"standard","meta":[],"categories":[9],"tags":[],"_links":{"self":[{"href":"http:\/\/archiv.szolnoktv.hu\/index.php?rest_route=\/wp\/v2\/posts\/7910"}],"collection":[{"href":"http:\/\/archiv.szolnoktv.hu\/index.php?rest_route=\/wp\/v2\/posts"}],"about":[{"href":"http:\/\/archiv.szolnoktv.hu\/index.php?rest_route=\/wp\/v2\/types\/post"}],"author":[{"embeddable":true,"href":"http:\/\/archiv.szolnoktv.hu\/index.php?rest_route=\/wp\/v2\/users\/2"}],"replies":[{"embeddable":true,"href":"http:\/\/archiv.szolnoktv.hu\/index.php?rest_route=%2Fwp%2Fv2%2Fcomments&post=7910"}],"version-history":[{"count":1,"href":"http:\/\/archiv.szolnoktv.hu\/index.php?rest_route=\/wp\/v2\/posts\/7910\/revisions"}],"predecessor-version":[{"id":7949,"href":"http:\/\/archiv.szolnoktv.hu\/index.php?rest_route=\/wp\/v2\/posts\/7910\/revisions\/7949"}],"wp:attachment":[{"href":"http:\/\/archiv.szolnoktv.hu\/index.php?rest_route=%2Fwp%2Fv2%2Fmedia&parent=7910"}],"wp:term":[{"taxonomy":"category","embeddable":true,"href":"http:\/\/archiv.szolnoktv.hu\/index.php?rest_route=%2Fwp%2Fv2%2Fcategories&post=7910"},{"taxonomy":"post_tag","embeddable":true,"href":"http:\/\/archiv.szolnoktv.hu\/index.php?rest_route=%2Fwp%2Fv2%2Ftags&post=7910"}],"curies":[{"name":"wp","href":"https:\/\/api.w.org\/{rel}","templated":true}]}}