{"id":7908,"date":"2018-01-10T15:00:44","date_gmt":"2018-01-10T15:00:44","guid":{"rendered":"http:\/\/archiv.szolnoktv.hu\/?p=7908"},"modified":"2021-08-13T15:00:02","modified_gmt":"2021-08-13T15:00:02","slug":"mar-az-e-recept-alapjan-valthatjuk-ki-gyogyszereinket","status":"publish","type":"post","link":"http:\/\/archiv.szolnoktv.hu\/?p=7908","title":{"rendered":"M\u00e1r az E-recept alapj\u00e1n v\u00e1lthatjuk ki gy\u00f3gyszereinket"},"content":{"rendered":"<div class='booster-block booster-read-block'><\/div><p>Az E- recept vagyis az elektronikus eg\u00e9szs\u00e9g\u00fcgyi szolg\u00e1ltat\u00e1si t\u00e9r az eg\u00e9szs\u00e9g\u00fcgy int\u00e9zm\u00e9nyeit \u00e9s szolg\u00e1ltat\u00f3it k\u00f6ti \u00f6ssze mik\u00f6zben maga is egy szolg\u00e1ltat\u00e1si rendszer.<br \/>Egy modern \u00e9s egys\u00e9ges informatikai k\u00f6rnyezet, olyan felh\u0151alap\u00fa technol\u00f3gi\u00e1t haszn\u00e1l\u00f3 kommunik\u00e1ci\u00f3s t\u00e9r, ami a jelenleg el\u00e9rhet\u0151 legmagasabb fok\u00fa adat- \u00e9s kiberv\u00e9delemmel ell\u00e1tva kapcsolja \u00f6ssze az eg\u00e9szs\u00e9g\u00fcgyi ell\u00e1t\u00f3kat egym\u00e1ssal &#8211; bele\u00e9rtve a k\u00f3rh\u00e1zi, a j\u00e1r\u00f3beteg- \u00e9s a h\u00e1ziorvosi ell\u00e1t\u00e1st, valamint a gy\u00f3gyszert\u00e1rakat.<br \/>K\u00e9nyelmesebb\u00e9 k\u00f6lts\u00e9ghat\u00e9konyabb\u00e1 v\u00e1lt az eg\u00e9szs\u00e9g\u00fcgyi ell\u00e1t\u00e1s.<\/p>\n<p>Dr. R\u0151czey Norbert Mikl\u00f3s  a JNSZ Megyei Gy\u00f3gyszer\u00e9sz Kamara  eln\u00f6ke elmondta: <\/p>\n<p>-&#8220;A betegnek minden adata f\u00f6nt lesz, minden eredm\u00e9nye. Pl. egy k\u00fcl\u00f6nleges k\u00e9palkot\u00f3 elj\u00e1r\u00e1st Budapesten megcsin\u00e1lnak , de a gy\u00f3gykezel\u00e9s Szolnokon folyik, akkor nem kell a kis CD lemezzel j\u00f6nnie, mennie, otthon hagyta, ilyen pap\u00edr olyan pap\u00edr, hanem minden f\u00f6nt lesz egy elektronikus t\u00e9rben. &#8211;<\/p>\n<p>Amihez a kezel\u0151orvos hozz\u00e1f\u00e9r majd. <br \/>A rendel\u00e9s elej\u00e9n az orvos bejelentkezik be a m\u00e1r m\u0171k\u00f6d\u0151 rendszerbe. Az E- recept tavaly novemberben mindenhol bevezet\u00e9sre ker\u00fclt. <\/p>\n<p>-&#8220;A betegek ebb\u0151l nem kell, hogy b\u00e1rmit is \u00e9szre vegyenek. Annyi t\u00f6rt\u00e9nt, hogy a r\u00e9gi recept form\u00e1tumot ugyan\u00fagy megkapj\u00e1k csak egy harmadik vonalk\u00f3d is r\u00e1nyomtat\u00f3dik az orvos \u00e1ltal, amit n\u00e1lunk a g\u00e9p fel tud dolgozni-tette hozz\u00e1 a gy\u00f3gyszer\u00e9sz kamara eln\u00f6ke. <\/p>\n<p> Dr. Hoks\u00e1ri L\u00e1szl\u00f3 h\u00e1ziorvos elmondta: <\/p>\n<p>-&#8220;\u00c9n a XXI. sz\u00e1zad  eg\u00e9szs\u00e9g\u00fcgy\u00e9nek informatikai fejleszt\u00e9seiben ezt egy \u00f3ri\u00e1si magas l\u00e9pcs\u0151foknak tekintem. Volt felk\u00e9sz\u00fcl\u00e9si id\u0151, b\u00e1r kaphattunk volna t\u00f6bbet is. Egyre t\u00f6bb e receptet \u00edrunk. &#8211;<\/p>\n<p>A c\u00e9l, hogy hamarosan  szem\u00e9lyivel \u00e9s a TAJ k\u00e1rty\u00e1val lehessen  gy\u00f3gyszert kiv\u00e1ltani. Most is el\u0151fordul, hogy a gy\u00f3gyszert\u00e1rb\u00f3l telefon\u00e1lnak a rendel\u0151be a beteg gy\u00f3gyszer\u00e9\u00e9rt. Mind a gy\u00f3gyszer\u00e9szek, mind az orvosok hangs\u00falyozz\u00e1k  az orvos-beteg tal\u00e1lkoz\u00e1sok fontoss\u00e1g\u00e1t. <\/p>\n<p>-&#8220;Az orvos-beteg kapcsolat egy folyamatos szem\u00e9lyes, bizalmi  kapcsolat kell, hogy legyen \u00e9s az elektronika ezt nem tudja helyettes\u00edteni-tette hozz\u00e1 a h\u00e1ziorvos&#8221; <\/p>\n<p>2018. \u00e9v v\u00e9g\u00e9ig minden orvos a fel\u00edrt E-recept mell\u00e9 nyomtatott fel\u00edr\u00e1si igazol\u00e1st k\u00f6teles adni a betegnek, ami szinte pontosan olyan, mint a megszokott recept, csup\u00e1n tartalmaz egy e-recept vonalk\u00f3dot is, mely alapj\u00e1n a patik\u00e1ban lek\u00e9rdezhet\u0151 a recept. 2019-t\u0151l pedig mindenki k\u00e9rheti, hogy a recept fel\u00edr\u00e1si igazol\u00e1s\u00e1t pap\u00edralapon is megkapja, b\u00e1r ekkort\u00f3l m\u00e1r nem kell a hagyom\u00e1nyos recept form\u00e1ban kinyomtatni azt. &nbsp;<div style=\"width: 640px;\" class=\"wp-video\"><!--[if lt IE 9]><script>document.createElement('video');<\/script><![endif]-->\n<video class=\"wp-video-shortcode\" id=\"video-7908-1\" width=\"640\" height=\"360\" preload=\"metadata\" controls=\"controls\"><source type=\"video\/mp4\" src=\"\/spots\/hir\/hir_180110_04.mp4?_=1\" \/><a href=\"\/spots\/hir\/hir_180110_04.mp4\">\/spots\/hir\/hir_180110_04.mp4<\/a><\/video><\/div><\/p>\n","protected":false},"excerpt":{"rendered":"<p>Az E- recept vagyis az elektronikus eg\u00e9szs\u00e9g\u00fcgyi szolg\u00e1ltat\u00e1si t\u00e9r az eg\u00e9szs\u00e9g\u00fcgy int\u00e9zm\u00e9nyeit \u00e9s szolg\u00e1ltat\u00f3it k\u00f6ti \u00f6ssze mik\u00f6zben maga is egy szolg\u00e1ltat\u00e1si rendszer.Egy modern \u00e9s egys\u00e9ges informatikai k\u00f6rnyezet, olyan felh\u0151alap\u00fa technol\u00f3gi\u00e1t haszn\u00e1l\u00f3 kommunik\u00e1ci\u00f3s t\u00e9r, ami a jelenleg el\u00e9rhet\u0151 legmagasabb fok\u00fa adat- \u00e9s kiberv\u00e9delemmel ell\u00e1tva kapcsolja \u00f6ssze az eg\u00e9szs\u00e9g\u00fcgyi ell\u00e1t\u00f3kat egym\u00e1ssal &#8211; bele\u00e9rtve a k\u00f3rh\u00e1zi, a j\u00e1r\u00f3beteg- [&hellip;]<\/p>\n","protected":false},"author":2,"featured_media":0,"comment_status":"closed","ping_status":"closed","sticky":false,"template":"","format":"standard","meta":[],"categories":[9],"tags":[],"_links":{"self":[{"href":"http:\/\/archiv.szolnoktv.hu\/index.php?rest_route=\/wp\/v2\/posts\/7908"}],"collection":[{"href":"http:\/\/archiv.szolnoktv.hu\/index.php?rest_route=\/wp\/v2\/posts"}],"about":[{"href":"http:\/\/archiv.szolnoktv.hu\/index.php?rest_route=\/wp\/v2\/types\/post"}],"author":[{"embeddable":true,"href":"http:\/\/archiv.szolnoktv.hu\/index.php?rest_route=\/wp\/v2\/users\/2"}],"replies":[{"embeddable":true,"href":"http:\/\/archiv.szolnoktv.hu\/index.php?rest_route=%2Fwp%2Fv2%2Fcomments&post=7908"}],"version-history":[{"count":1,"href":"http:\/\/archiv.szolnoktv.hu\/index.php?rest_route=\/wp\/v2\/posts\/7908\/revisions"}],"predecessor-version":[{"id":7951,"href":"http:\/\/archiv.szolnoktv.hu\/index.php?rest_route=\/wp\/v2\/posts\/7908\/revisions\/7951"}],"wp:attachment":[{"href":"http:\/\/archiv.szolnoktv.hu\/index.php?rest_route=%2Fwp%2Fv2%2Fmedia&parent=7908"}],"wp:term":[{"taxonomy":"category","embeddable":true,"href":"http:\/\/archiv.szolnoktv.hu\/index.php?rest_route=%2Fwp%2Fv2%2Fcategories&post=7908"},{"taxonomy":"post_tag","embeddable":true,"href":"http:\/\/archiv.szolnoktv.hu\/index.php?rest_route=%2Fwp%2Fv2%2Ftags&post=7908"}],"curies":[{"name":"wp","href":"https:\/\/api.w.org\/{rel}","templated":true}]}}