{"id":7907,"date":"2018-01-10T13:22:16","date_gmt":"2018-01-10T13:22:16","guid":{"rendered":"http:\/\/archiv.szolnoktv.hu\/?p=7907"},"modified":"2021-08-13T15:00:02","modified_gmt":"2021-08-13T15:00:02","slug":"surgossegi-ruhagyujtes","status":"publish","type":"post","link":"http:\/\/archiv.szolnoktv.hu\/?p=7907","title":{"rendered":"S\u00fcrg\u0151ss\u00e9gi ruhagy\u0171jt\u00e9s"},"content":{"rendered":"<div class='booster-block booster-read-block'><\/div><p>-Igaz\u00e1b\u00f3l unisex \u00e9s f\u00e9rfi ruh\u00e1kat tett\u00fcnk el, ami nagyon n\u0151i, kiv\u00e1logattuk \u00e9s azt majd tov\u00e1bb adjuk.&#8221; -mondja Papp Andrea, a s\u00fcrg\u0151ss\u00e9gi oszt\u00e1ly vezet\u0151 n\u0151v\u00e9re.<\/p>\n<p>Nem f\u00e9rnek a ruhaadom\u00e1nyokt\u00f3l a Het\u00e9nyi G\u00e9za K\u00f3rh\u00e1z rakt\u00e1r\u00e1ban. A tengernyi ruhanem\u0171 egy adom\u00e1nygy\u0171jt\u00e9snek k\u00f6sz\u00f6nhet\u0151. Tavaly decemberben ugyanis a s\u00fcrg\u0151ss\u00e9gi oszt\u00e1ly f\u0151n\u0151v\u00e9re egy felh\u00edv\u00e1st tett k\u00f6zz\u00e9 a Facebookon. Feln\u0151tt ruh\u00e1kat k\u00e9rt az oszt\u00e1lyra be\u00e9rkez\u0151 \u00e9s onnan kiker\u00fcl\u0151 betegek sz\u00e1m\u00e1ra. A hajl\u00e9ktalan \u00e1poltak eset\u00e9ben \u00e1ltal\u00e1ban teljes ruhacser\u00e9re van sz\u00fcks\u00e9g. De sz\u00fcks\u00e9g eset\u00e9n a r\u00e1szorul\u00f3 baleseti s\u00e9r\u00fclteket is teljes, tiszta \u00f6lt\u00f6zetben bocs\u00e1jtj\u00e1k haza. Az akci\u00f3 sikeress\u00e9ge hamar bebizonyosodott. M\u00e1r a felh\u00edv\u00e1s k\u00f6zz\u00e9t\u00e9tel\u00e9nek m\u00e1snapj\u00e1n rengeteg felaj\u00e1nl\u00e1s \u00e9rkezett. <\/p>\n<p>-Nagyon sok haszn\u00e1lhat\u00f3 holmit kaptunk. Most m\u00e1r ott tart a ruhagy\u0171jt\u00e9si akci\u00f3, hogy rakt\u00e1roz\u00e1si neh\u00e9zs\u00e9gekkel k\u00fcszk\u00f6d\u00fcnk.&#8221; -mondja Dr. Bend\u00f3 Mih\u00e1ly, a Het\u00e9nyi G\u00e9za K\u00f3rh\u00e1z s\u00fcrg\u0151ss\u00e9gi oszt\u00e1ly\u00e1nak megb\u00edzott vezet\u0151je.<\/p>\n<p>A s\u00fcrg\u0151ss\u00e9gi oszt\u00e1ly eddig hi\u00e1nyt szenvedett zoknib\u00f3l \u00e9s cip\u0151b\u0151l, most ezekb\u0151l is j\u00f3csk\u00e1n \u00e9rkezett. A ruhagy\u0171jt\u00e9si akci\u00f3t lez\u00e1rj\u00e1k, hiszen a j\u00f6v\u0151 t\u00e9lig elegend\u0151 felaj\u00e1nl\u00e1s \u00e9rkezett. &nbsp;<div style=\"width: 640px;\" class=\"wp-video\"><!--[if lt IE 9]><script>document.createElement('video');<\/script><![endif]-->\n<video class=\"wp-video-shortcode\" id=\"video-7907-1\" width=\"640\" height=\"360\" preload=\"metadata\" controls=\"controls\"><source type=\"video\/mp4\" src=\"\/spots\/hir\/hir_180110_01.mp4?_=1\" \/><a href=\"\/spots\/hir\/hir_180110_01.mp4\">\/spots\/hir\/hir_180110_01.mp4<\/a><\/video><\/div><\/p>\n","protected":false},"excerpt":{"rendered":"<p>-Igaz\u00e1b\u00f3l unisex \u00e9s f\u00e9rfi ruh\u00e1kat tett\u00fcnk el, ami nagyon n\u0151i, kiv\u00e1logattuk \u00e9s azt majd tov\u00e1bb adjuk.&#8221; -mondja Papp Andrea, a s\u00fcrg\u0151ss\u00e9gi oszt\u00e1ly vezet\u0151 n\u0151v\u00e9re. Nem f\u00e9rnek a ruhaadom\u00e1nyokt\u00f3l a Het\u00e9nyi G\u00e9za K\u00f3rh\u00e1z rakt\u00e1r\u00e1ban. A tengernyi ruhanem\u0171 egy adom\u00e1nygy\u0171jt\u00e9snek k\u00f6sz\u00f6nhet\u0151. Tavaly decemberben ugyanis a s\u00fcrg\u0151ss\u00e9gi oszt\u00e1ly f\u0151n\u0151v\u00e9re egy felh\u00edv\u00e1st tett k\u00f6zz\u00e9 a Facebookon. Feln\u0151tt ruh\u00e1kat k\u00e9rt [&hellip;]<\/p>\n","protected":false},"author":2,"featured_media":0,"comment_status":"closed","ping_status":"closed","sticky":false,"template":"","format":"standard","meta":[],"categories":[9],"tags":[],"_links":{"self":[{"href":"http:\/\/archiv.szolnoktv.hu\/index.php?rest_route=\/wp\/v2\/posts\/7907"}],"collection":[{"href":"http:\/\/archiv.szolnoktv.hu\/index.php?rest_route=\/wp\/v2\/posts"}],"about":[{"href":"http:\/\/archiv.szolnoktv.hu\/index.php?rest_route=\/wp\/v2\/types\/post"}],"author":[{"embeddable":true,"href":"http:\/\/archiv.szolnoktv.hu\/index.php?rest_route=\/wp\/v2\/users\/2"}],"replies":[{"embeddable":true,"href":"http:\/\/archiv.szolnoktv.hu\/index.php?rest_route=%2Fwp%2Fv2%2Fcomments&post=7907"}],"version-history":[{"count":1,"href":"http:\/\/archiv.szolnoktv.hu\/index.php?rest_route=\/wp\/v2\/posts\/7907\/revisions"}],"predecessor-version":[{"id":7952,"href":"http:\/\/archiv.szolnoktv.hu\/index.php?rest_route=\/wp\/v2\/posts\/7907\/revisions\/7952"}],"wp:attachment":[{"href":"http:\/\/archiv.szolnoktv.hu\/index.php?rest_route=%2Fwp%2Fv2%2Fmedia&parent=7907"}],"wp:term":[{"taxonomy":"category","embeddable":true,"href":"http:\/\/archiv.szolnoktv.hu\/index.php?rest_route=%2Fwp%2Fv2%2Fcategories&post=7907"},{"taxonomy":"post_tag","embeddable":true,"href":"http:\/\/archiv.szolnoktv.hu\/index.php?rest_route=%2Fwp%2Fv2%2Ftags&post=7907"}],"curies":[{"name":"wp","href":"https:\/\/api.w.org\/{rel}","templated":true}]}}