{"id":7906,"date":"2018-01-10T13:19:19","date_gmt":"2018-01-10T13:19:19","guid":{"rendered":"http:\/\/archiv.szolnoktv.hu\/?p=7906"},"modified":"2021-08-13T15:00:03","modified_gmt":"2021-08-13T15:00:03","slug":"kozlekedes-az-egyetertes-uton","status":"publish","type":"post","link":"http:\/\/archiv.szolnoktv.hu\/?p=7906","title":{"rendered":"K\u00f6zleked\u00e9s az Egyet\u00e9rt\u00e9s \u00faton"},"content":{"rendered":"<div class='booster-block booster-read-block'><\/div><p>Parkol\u00f3 aut\u00f3k az Egyet\u00e9rt\u00e9s \u00fat mindk\u00e9t oldal\u00e1n , mik\u00f6zben  folyamatos a biciklis forgalom a ker\u00e9kp\u00e1r\u00faton is. Ebben az utc\u00e1ban, ha mind\u00e9t oldalon  \u00e1llnak az aut\u00f3k egy harmadik m\u00e1r nem f\u00e9r el k\u00f6z\u00e9pen. <\/p>\n<p> Fej\u00e9r Andor alpolg\u00e1rmester:<\/p>\n<p>-&#8220;Az \u00fat k\u00e9t oldal\u00e1n ki van jel\u00f6lve a ker\u00e9kp\u00e1r\u00fat. Parkolni \u00fagy lehet ha szabadon hagyjuk a ker\u00e9kp\u00e1rutat. Igaz\u00e1b\u00f3l mindenki szab\u00e1lyosan j\u00e1r el.&#8221;<\/p>\n<p> Az \u00fat fizikai adotts\u00e1gai nem tesznek lehet\u0151v\u00e9 enn\u00e9l komfortosabb megold\u00e1st-tette hozz\u00e1 az alpolg\u00e1rmester. <\/p>\n<p>Fej\u00e9r Andor alpolg\u00e1rmester: <\/p>\n<p>-&#8220;A probl\u00e9ma ismert az \u00f6nkorm\u00e1nyzat sz\u00e1m\u00e1ra. Ahhoz, hogy ez radik\u00e1lis v\u00e1ltoz\u00e1son essen \u00e1t, ahhoz egy nagyon komoly a beruh\u00e1z\u00e1sra van sz\u00fcks\u00e9g. Sz\u00e9les\u00edteni kell az \u00fatnak a koron\u00e1j\u00e1t, ahhoz, hogy a k\u00e9t m\u00e9ter 25 cm sz\u00e9les ker\u00e9kp\u00e1r\u00fat megval\u00f3sulhasson.&#8221;<\/p>\n<p> A fizikai param\u00e9terek teh\u00e1t egyel\u0151re adottak. Az itt \u00e9l\u0151k \u00e9s az erre  k\u00f6zleked\u0151k figyelembe v\u00e9ve a 30-as sebess\u00e9g korl\u00e1toz\u00f3 t\u00e1bl\u00e1t is, odafigyelnek egym\u00e1sra. A KRESZ el\u0151\u00edrja , hogy a mindenkori lehet\u0151s\u00e9geknek megfelel\u0151en kell k\u00f6zlekedni. <\/p>\n<p>-&#8220;Ha meg\u00e1llt az \u00fatnak a t\u00faloldal\u00e1n, leparkolt egy g\u00e9pj\u00e1rm\u0171, akkor term\u00e9szetesen vele egy vonalban nem c\u00e9lszer\u0171 leparkolni, mert akkor akad\u00e1lyozza a tov\u00e1bbhalad\u00e1s\u00e1t az itt k\u00f6zleked\u0151 j\u00e1rm\u0171veknek. Ennek figyelembev\u00e9tel\u00e9vel kell parkolni ebben az utc\u00e1ban&#8221;-folytatta az alpolg\u00e1rmester. <\/p>\n<p>Ebben az utc\u00e1ban nincsenek mag\u00e1nparkol\u00f3k,  a h\u00e1zak el\u0151tti szakasz k\u00f6zter\u00fclet. \u00cdgy a a ker\u00e9kp\u00e1r\u00fat, a parkol\u00f3- \u00e9s k\u00f6zleked\u0151s\u00e1v probl\u00e9ma -\u00e9s balesetmentes haszn\u00e1lat\u00e1hoz toleranci\u00e1ra is odafigyel\u00e9sre van sz\u00fcks\u00e9g.  &nbsp;<div style=\"width: 640px;\" class=\"wp-video\"><!--[if lt IE 9]><script>document.createElement('video');<\/script><![endif]-->\n<video class=\"wp-video-shortcode\" id=\"video-7906-1\" width=\"640\" height=\"360\" preload=\"metadata\" controls=\"controls\"><source type=\"video\/mp4\" src=\"\/spots\/hir\/hir_180110_02.mp4?_=1\" \/><a href=\"\/spots\/hir\/hir_180110_02.mp4\">\/spots\/hir\/hir_180110_02.mp4<\/a><\/video><\/div><\/p>\n","protected":false},"excerpt":{"rendered":"<p>Parkol\u00f3 aut\u00f3k az Egyet\u00e9rt\u00e9s \u00fat mindk\u00e9t oldal\u00e1n , mik\u00f6zben folyamatos a biciklis forgalom a ker\u00e9kp\u00e1r\u00faton is. Ebben az utc\u00e1ban, ha mind\u00e9t oldalon \u00e1llnak az aut\u00f3k egy harmadik m\u00e1r nem f\u00e9r el k\u00f6z\u00e9pen. Fej\u00e9r Andor alpolg\u00e1rmester: -&#8220;Az \u00fat k\u00e9t oldal\u00e1n ki van jel\u00f6lve a ker\u00e9kp\u00e1r\u00fat. Parkolni \u00fagy lehet ha szabadon hagyjuk a ker\u00e9kp\u00e1rutat. Igaz\u00e1b\u00f3l mindenki szab\u00e1lyosan [&hellip;]<\/p>\n","protected":false},"author":2,"featured_media":0,"comment_status":"closed","ping_status":"closed","sticky":false,"template":"","format":"standard","meta":[],"categories":[9],"tags":[],"_links":{"self":[{"href":"http:\/\/archiv.szolnoktv.hu\/index.php?rest_route=\/wp\/v2\/posts\/7906"}],"collection":[{"href":"http:\/\/archiv.szolnoktv.hu\/index.php?rest_route=\/wp\/v2\/posts"}],"about":[{"href":"http:\/\/archiv.szolnoktv.hu\/index.php?rest_route=\/wp\/v2\/types\/post"}],"author":[{"embeddable":true,"href":"http:\/\/archiv.szolnoktv.hu\/index.php?rest_route=\/wp\/v2\/users\/2"}],"replies":[{"embeddable":true,"href":"http:\/\/archiv.szolnoktv.hu\/index.php?rest_route=%2Fwp%2Fv2%2Fcomments&post=7906"}],"version-history":[{"count":1,"href":"http:\/\/archiv.szolnoktv.hu\/index.php?rest_route=\/wp\/v2\/posts\/7906\/revisions"}],"predecessor-version":[{"id":7953,"href":"http:\/\/archiv.szolnoktv.hu\/index.php?rest_route=\/wp\/v2\/posts\/7906\/revisions\/7953"}],"wp:attachment":[{"href":"http:\/\/archiv.szolnoktv.hu\/index.php?rest_route=%2Fwp%2Fv2%2Fmedia&parent=7906"}],"wp:term":[{"taxonomy":"category","embeddable":true,"href":"http:\/\/archiv.szolnoktv.hu\/index.php?rest_route=%2Fwp%2Fv2%2Fcategories&post=7906"},{"taxonomy":"post_tag","embeddable":true,"href":"http:\/\/archiv.szolnoktv.hu\/index.php?rest_route=%2Fwp%2Fv2%2Ftags&post=7906"}],"curies":[{"name":"wp","href":"https:\/\/api.w.org\/{rel}","templated":true}]}}