{"id":7903,"date":"2018-01-09T18:55:08","date_gmt":"2018-01-09T18:55:08","guid":{"rendered":"http:\/\/archiv.szolnoktv.hu\/?p=7903"},"modified":"2021-08-13T15:00:03","modified_gmt":"2021-08-13T15:00:03","slug":"megavers-x-jelentkezes","status":"publish","type":"post","link":"http:\/\/archiv.szolnoktv.hu\/?p=7903","title":{"rendered":"Megavers X. jelentkez\u00e9s"},"content":{"rendered":"<div class='booster-block booster-read-block'><\/div><p>\u00cdgy indult a 9-ik Megavers, 2017-ben. Az Aba-Nov\u00e1k Ag\u00f3ra Kultur\u00e1lis K\u00f6zpont \u00e9s a Szolnok Telev\u00edzi\u00f3 10 \u00e9vvel ezel\u0151tt, a k\u00f6lt\u00e9szet napja alkalm\u00e1b\u00f3l ind\u00edtotta tehets\u00e9gkutat\u00f3 verseny\u00e9t, melynek c\u00e9lja, hogy a versszeret\u0151 k\u00f6z\u00f6ns\u00e9g tehets\u00e9ges fiatalok \u00e9rt\u0151 tolm\u00e1csol\u00e1s\u00e1ban \u00e9lvezhesse a klasszikus \u00e9s kort\u00e1rs k\u00f6lt\u0151k m\u0171veit. A rendezv\u00e9ny m\u00e1r kilenc alkalommal aratott \u00f3ri\u00e1si sikert. Akik figyelemmel k\u00eds\u00e9rt\u00e9k a Megavers rendezv\u00e9nyeit, a Szolnok Telev\u00edzi\u00f3 m\u0171soraib\u00f3l ismerhett\u00e9k meg azokat a fiatalokat, akik v\u00e1llalt\u00e1k a megm\u00e9rettet\u00e9st \u00fagy, hogy a versmond\u00e1s intimit\u00e1sa keveredett a show-m\u0171sor elemeivel. A szervez\u0151k, a versenyben r\u00e9sztvev\u0151 fiatalok, a neves sz\u00edn\u00e9szekb\u0151l \u00e9s szakemberekb\u0151l \u00e1ll\u00f3 zs\u0171ri, valamint a k\u00f6z\u00f6ns\u00e9g tagjai ezzel a rendezv\u00e9nysorozattal k\u00edv\u00e1nj\u00e1k megbecs\u00fcl\u00e9s\u00fcket kifejezni a magyar \u00e9s egyetemes k\u00f6lt\u00e9szet \u00e9rt\u00e9kei ir\u00e1nt. 2018-ban, a 10-ik versennyel jubil\u00e1l a m\u0171sor. A vet\u00e9lked\u0151t a ma \u00e9l\u0151 kort\u00e1rs k\u00f6lt\u0151k tisztelet\u00e9re rendezz\u00fck. A Megaversre azok a 12 \u00e9s 30 \u00e9v k\u00f6z\u00f6tti verset szeret\u0151k is jelentkezhetnek, akik m\u00e1r szerepeltek, de nem \u00e9rtek el els\u0151 helyez\u00e9st a kor\u00e1bbi versenyek d\u00f6nt\u0151in. A zs\u0171ri \u00e1ltal az el\u0151v\u00e1logat\u00f3kon kiv\u00e1lasztott versenyz\u0151k alkotj\u00e1k a k\u00f6z\u00e9pd\u00f6nt\u0151 25 f\u0151s mez\u0151ny\u00e9t. A jelentkez\u00e9s t\u00f6rt\u00e9nhet elektronikus \u00faton vagy lev\u00e9lben. R\u00e9szletek a Szolnok Telev\u00edzi\u00f3 \u00e9s az Aba-Nov\u00e1k Ag\u00f3ra honlapj\u00e1n megtal\u00e1lhat\u00f3k. Jelentkez\u00e9si hat\u00e1rid\u0151 2018. janu\u00e1r 12-e. &nbsp;<div style=\"width: 640px;\" class=\"wp-video\"><!--[if lt IE 9]><script>document.createElement('video');<\/script><![endif]-->\n<video class=\"wp-video-shortcode\" id=\"video-7903-1\" width=\"640\" height=\"360\" preload=\"metadata\" controls=\"controls\"><source type=\"video\/mp4\" src=\"\/spots\/hir\/hir_180109_05.mp4?_=1\" \/><a href=\"\/spots\/hir\/hir_180109_05.mp4\">\/spots\/hir\/hir_180109_05.mp4<\/a><\/video><\/div><\/p>\n","protected":false},"excerpt":{"rendered":"<p>\u00cdgy indult a 9-ik Megavers, 2017-ben. Az Aba-Nov\u00e1k Ag\u00f3ra Kultur\u00e1lis K\u00f6zpont \u00e9s a Szolnok Telev\u00edzi\u00f3 10 \u00e9vvel ezel\u0151tt, a k\u00f6lt\u00e9szet napja alkalm\u00e1b\u00f3l ind\u00edtotta tehets\u00e9gkutat\u00f3 verseny\u00e9t, melynek c\u00e9lja, hogy a versszeret\u0151 k\u00f6z\u00f6ns\u00e9g tehets\u00e9ges fiatalok \u00e9rt\u0151 tolm\u00e1csol\u00e1s\u00e1ban \u00e9lvezhesse a klasszikus \u00e9s kort\u00e1rs k\u00f6lt\u0151k m\u0171veit. A rendezv\u00e9ny m\u00e1r kilenc alkalommal aratott \u00f3ri\u00e1si sikert. Akik figyelemmel k\u00eds\u00e9rt\u00e9k a Megavers [&hellip;]<\/p>\n","protected":false},"author":2,"featured_media":0,"comment_status":"closed","ping_status":"closed","sticky":false,"template":"","format":"standard","meta":[],"categories":[9],"tags":[],"_links":{"self":[{"href":"http:\/\/archiv.szolnoktv.hu\/index.php?rest_route=\/wp\/v2\/posts\/7903"}],"collection":[{"href":"http:\/\/archiv.szolnoktv.hu\/index.php?rest_route=\/wp\/v2\/posts"}],"about":[{"href":"http:\/\/archiv.szolnoktv.hu\/index.php?rest_route=\/wp\/v2\/types\/post"}],"author":[{"embeddable":true,"href":"http:\/\/archiv.szolnoktv.hu\/index.php?rest_route=\/wp\/v2\/users\/2"}],"replies":[{"embeddable":true,"href":"http:\/\/archiv.szolnoktv.hu\/index.php?rest_route=%2Fwp%2Fv2%2Fcomments&post=7903"}],"version-history":[{"count":1,"href":"http:\/\/archiv.szolnoktv.hu\/index.php?rest_route=\/wp\/v2\/posts\/7903\/revisions"}],"predecessor-version":[{"id":7956,"href":"http:\/\/archiv.szolnoktv.hu\/index.php?rest_route=\/wp\/v2\/posts\/7903\/revisions\/7956"}],"wp:attachment":[{"href":"http:\/\/archiv.szolnoktv.hu\/index.php?rest_route=%2Fwp%2Fv2%2Fmedia&parent=7903"}],"wp:term":[{"taxonomy":"category","embeddable":true,"href":"http:\/\/archiv.szolnoktv.hu\/index.php?rest_route=%2Fwp%2Fv2%2Fcategories&post=7903"},{"taxonomy":"post_tag","embeddable":true,"href":"http:\/\/archiv.szolnoktv.hu\/index.php?rest_route=%2Fwp%2Fv2%2Ftags&post=7903"}],"curies":[{"name":"wp","href":"https:\/\/api.w.org\/{rel}","templated":true}]}}