{"id":7902,"date":"2018-01-09T16:47:48","date_gmt":"2018-01-09T16:47:48","guid":{"rendered":"http:\/\/archiv.szolnoktv.hu\/?p=7902"},"modified":"2021-08-13T15:00:04","modified_gmt":"2021-08-13T15:00:04","slug":"adojogszabaly-valtozasok-2018-ban","status":"publish","type":"post","link":"http:\/\/archiv.szolnoktv.hu\/?p=7902","title":{"rendered":"Ad\u00f3jogszab\u00e1ly v\u00e1ltoz\u00e1sok 2018-ban <br>"},"content":{"rendered":"<div class='booster-block booster-read-block'><\/div><p>Janu\u00e1r elsej\u00e9t\u0151l ad\u00f3mentess\u00e9 v\u00e1lt a di\u00e1khitel-t\u00f6rleszt\u00e9sre adott t\u00e1mogat\u00e1s. A munk\u00e1ltat\u00f3 ez\u00e1ltal a munkav\u00e1llal\u00f3nak az el\u0151\u00edrt k\u00f6telez\u0151 t\u00f6rleszt\u0151r\u00e9szlet erej\u00e9ig, de havonta legfeljebb a minim\u00e1lb\u00e9r 20 sz\u00e1zal\u00e9k\u00e1ig terjed\u0151 \u00f6sszegig adhat ad\u00f3mentes t\u00e1mogat\u00e1st a hitel t\u00f6rleszt\u00e9s\u00e9hez. A mentess\u00e9gek k\u00f6z\u00e9 ker\u00fclt az els\u0151, sikeres nyelvvizsga d\u00edj\u00e1nak jogszab\u00e1ly szerinti megt\u00e9r\u00edtett \u00f6sszege. A szem\u00e9lyi j\u00f6vedelemad\u00f3 t\u00f6rv\u00e9nyv\u00e1ltoz\u00e1sai az ingatlan b\u00e9rbead\u00f3kat is \u00e9rintik.<\/p>\n<p>-Eml\u00edthetem az ingatlan b\u00e9rbead\u00e1shoz kapcsol\u00f3d\u00f3 ad\u00f3z\u00e1si szab\u00e1lyok v\u00e1ltoz\u00e1s\u00e1t. Ahol eddig az ilyen 1 milli\u00f3 forint feletti j\u00f6vedelem ut\u00e1n 14%-os eg\u00e9szs\u00e9g\u00fcgyi hozz\u00e1j\u00e1rul\u00e1st kellett fizetni, ez 2018 janu\u00e1rj\u00e1t\u00f3l nincsen.&#8221;- mondta Cs\u00e1nyi P\u00e9ter az Ad\u00f3- \u00e9s V\u00e1mhat\u00f3s\u00e1g megyei oszt\u00e1lyvezet\u0151je. <\/p>\n<p>A v\u00e1ltoz\u00e1s az \u00e1ltal\u00e1nos forgalmi ad\u00f3ra is kiterjed. Az internet-szolg\u00e1ltat\u00e1s \u00c1FA-ja 18%-r\u00f3l 5%-ra, m\u00edg a hal h\u00fas \u00c1FA-ja 27%-r\u00f3l 5%-ra cs\u00f6kken. Cs\u00e1nyi P\u00e9ter kiemelte, hogy a m\u00f3dos\u00edt\u00e1sok azokat a tanul\u00f3kat \u00e9s fels\u0151fok\u00fa iskolarendszerben hallgat\u00f3kat is \u00e9rintik, akik eddig a kis ad\u00f3z\u00f3k k\u00f6r\u00e9be tartoztak.<\/p>\n<p>-Eddig \u0151k f\u0151\u00e1ll\u00e1s\u00fa KATA-sok voltak. Teh\u00e1t 50 ezer forintot fizettek. Ez most megv\u00e1ltozik, m\u00e9gpedig sz\u00e1mukra kedvez\u0151 ir\u00e1nyba. 25 ezer forint lesz a k\u00f6telezetts\u00e9g. \u00d5k nem f\u0151\u00e1ll\u00e1s\u00fa KATA-s alanyok lesznek, hanem mell\u00e9k\u00e1ll\u00e1s\u00fanak min\u0151s\u00fclnek.&#8221;- tett hozz\u00e1 Cs\u00e1nyi P\u00e9ter. <\/p>\n<p>Az ad\u00f3z\u00f3k 2018-t\u00f3l k\u00f6telesek k\u00fclf\u00f6ldi banksz\u00e1ml\u00e1jukat is bejelenteni a NAV nyilv\u00e1ntart\u00e1s\u00e1ba. Az Ad\u00f3-\u00f3r\u00e1k keret\u00e9ben a hivatal mentor programj\u00e1t is bemutatt\u00e1k, melynek c\u00e9lja az idei \u00e9vben indul\u00f3, kezd\u0151 v\u00e1llalkoz\u00f3k \u00e9s c\u00e9gbejegyz\u00e9sre k\u00f6telezett kedvez\u0151 v\u00e1llalkoz\u00e1sok t\u00e1mogat\u00e1sa.<br \/> &nbsp;<div style=\"width: 640px;\" class=\"wp-video\"><!--[if lt IE 9]><script>document.createElement('video');<\/script><![endif]-->\n<video class=\"wp-video-shortcode\" id=\"video-7902-1\" width=\"640\" height=\"360\" preload=\"metadata\" controls=\"controls\"><source type=\"video\/mp4\" src=\"\/spots\/hir\/hir_180109_04.mp4?_=1\" \/><a href=\"\/spots\/hir\/hir_180109_04.mp4\">\/spots\/hir\/hir_180109_04.mp4<\/a><\/video><\/div><\/p>\n","protected":false},"excerpt":{"rendered":"<p>Janu\u00e1r elsej\u00e9t\u0151l ad\u00f3mentess\u00e9 v\u00e1lt a di\u00e1khitel-t\u00f6rleszt\u00e9sre adott t\u00e1mogat\u00e1s. A munk\u00e1ltat\u00f3 ez\u00e1ltal a munkav\u00e1llal\u00f3nak az el\u0151\u00edrt k\u00f6telez\u0151 t\u00f6rleszt\u0151r\u00e9szlet erej\u00e9ig, de havonta legfeljebb a minim\u00e1lb\u00e9r 20 sz\u00e1zal\u00e9k\u00e1ig terjed\u0151 \u00f6sszegig adhat ad\u00f3mentes t\u00e1mogat\u00e1st a hitel t\u00f6rleszt\u00e9s\u00e9hez. A mentess\u00e9gek k\u00f6z\u00e9 ker\u00fclt az els\u0151, sikeres nyelvvizsga d\u00edj\u00e1nak jogszab\u00e1ly szerinti megt\u00e9r\u00edtett \u00f6sszege. A szem\u00e9lyi j\u00f6vedelemad\u00f3 t\u00f6rv\u00e9nyv\u00e1ltoz\u00e1sai az ingatlan b\u00e9rbead\u00f3kat is \u00e9rintik. [&hellip;]<\/p>\n","protected":false},"author":2,"featured_media":0,"comment_status":"closed","ping_status":"closed","sticky":false,"template":"","format":"standard","meta":[],"categories":[9],"tags":[],"_links":{"self":[{"href":"http:\/\/archiv.szolnoktv.hu\/index.php?rest_route=\/wp\/v2\/posts\/7902"}],"collection":[{"href":"http:\/\/archiv.szolnoktv.hu\/index.php?rest_route=\/wp\/v2\/posts"}],"about":[{"href":"http:\/\/archiv.szolnoktv.hu\/index.php?rest_route=\/wp\/v2\/types\/post"}],"author":[{"embeddable":true,"href":"http:\/\/archiv.szolnoktv.hu\/index.php?rest_route=\/wp\/v2\/users\/2"}],"replies":[{"embeddable":true,"href":"http:\/\/archiv.szolnoktv.hu\/index.php?rest_route=%2Fwp%2Fv2%2Fcomments&post=7902"}],"version-history":[{"count":1,"href":"http:\/\/archiv.szolnoktv.hu\/index.php?rest_route=\/wp\/v2\/posts\/7902\/revisions"}],"predecessor-version":[{"id":7957,"href":"http:\/\/archiv.szolnoktv.hu\/index.php?rest_route=\/wp\/v2\/posts\/7902\/revisions\/7957"}],"wp:attachment":[{"href":"http:\/\/archiv.szolnoktv.hu\/index.php?rest_route=%2Fwp%2Fv2%2Fmedia&parent=7902"}],"wp:term":[{"taxonomy":"category","embeddable":true,"href":"http:\/\/archiv.szolnoktv.hu\/index.php?rest_route=%2Fwp%2Fv2%2Fcategories&post=7902"},{"taxonomy":"post_tag","embeddable":true,"href":"http:\/\/archiv.szolnoktv.hu\/index.php?rest_route=%2Fwp%2Fv2%2Ftags&post=7902"}],"curies":[{"name":"wp","href":"https:\/\/api.w.org\/{rel}","templated":true}]}}