{"id":7901,"date":"2018-01-09T16:32:43","date_gmt":"2018-01-09T16:32:43","guid":{"rendered":"http:\/\/archiv.szolnoktv.hu\/?p=7901"},"modified":"2021-08-13T15:00:04","modified_gmt":"2021-08-13T15:00:04","slug":"vandorkiallitast-indit-a-megyei-leveltar","status":"publish","type":"post","link":"http:\/\/archiv.szolnoktv.hu\/?p=7901","title":{"rendered":"V\u00e1ndorki\u00e1ll\u00edt\u00e1st ind\u00edt a megyei lev\u00e9lt\u00e1r<br>"},"content":{"rendered":"<div class='booster-block booster-read-block'><\/div><p>Ma d\u00e9lut\u00e1n f\u00fcggesztett\u00e9k fel a Tisza Mozi fal\u00e1ra azokat a tabl\u00f3kat, amelyek els\u0151sorban olyan dokumentumok szemelv\u00e9nyeit mutatj\u00e1k be, amiket mag\u00e1nszem\u00e9lyekt\u0151l kapott a JNSZ Megyei Lev\u00e9lt\u00e1r az elm\u00falt \u00e9vekben. A t\u00e1rlat \u00e9rdekess\u00e9ge, hogy nem csak egykor \u00e9lt k\u00f6z\u00e9leti szerepl\u0151k hagyat\u00e9k\u00e1b\u00f3l v\u00e1logat, hanem a t\u00f6bbi k\u00f6z\u00f6tt fest\u0151k, gazd\u00e1lkod\u00f3k, orvosok, \u00e9s katon\u00e1k irataib\u00f3l \u00e9s fot\u00f3ib\u00f3l is. <\/p>\n<p>-P\u00e9ld\u00e1ul egy 2., vagy els\u0151 vil\u00e1gh\u00e1bor\u00fas katon\u00e1nak a f\u00e9nyk\u00e9pei, levelei ugyan\u00fagy \u00e9rdekesek, mint mondjuk egy &#8217;50-es \u00e9vekben parasztgazd\u00e1lkod\u00f3nak a feljegyz\u00e9sei. Egy adott kornak a lenyomata lehet.&#8221; &#8211; mondta Cs\u00f6nge Attila igazgat\u00f3.<\/p>\n<p>A t\u00e1rlaton emellett olyan \u00e9rdekess\u00e9gek is l\u00e1that\u00f3k, mint egy a R\u00e1kosi rendszerb\u0151l sz\u00e1rmaz\u00f3 r\u00e1di\u00f3k\u00e9sz\u00fcl\u00e9k enged\u00e9ly, vagy Alexander alisp\u00e1n teljes irathagyat\u00e9ka, amely t\u00f6bb sz\u00e1z f\u00e9nyk\u00e9pet is tartalmaz, valamint a Mozg\u00e1skorl\u00e1tozottak Nemzetk\u00f6zi Fot\u00f3-, \u00e9s Dia P\u00e1ly\u00e1zat\u00e1nak sz\u00ednes k\u00e9pei is kiemelt figyelemre sz\u00e1m\u00edtanak. A ki\u00e1ll\u00edt\u00e1s mintegy 300 \u00e9vet \u00f6lel fel, eg\u00e9szen az 1700-as \u00e9vek legelej\u00e9r\u0151l indulva a t\u00f6rt\u00e9nelem nagyobb korszakain \u00e1t az 1990-es Orsz\u00e1ggy\u0171l\u00e9si v\u00e1laszt\u00e1sok politikai hirdet\u00e9seiig. <\/p>\n<p>Cs\u00f6nge Attila kiemelte: \u201eA v\u00e1ndorki\u00e1ll\u00edt\u00e1sunkat a megy\u00e9ben t\u00f6bb telep\u00fcl\u00e9sre szeretn\u00e9nk elvinni \u2013 T\u00f6r\u00f6kszentmikl\u00f3sra, Martf\u0171re, Tiszaf\u00f6ldv\u00e1rra-, hogy ne csak Szolnokon, mi megyei lev\u00e9lt\u00e1r sz\u00e1m\u00e1ra.&#8221; vagyunk, m\u00e1s telep\u00fcl\u00e9seken is megmozd\u00edtsuk a lakoss\u00e1got \u00e9s mag\u00e1nirat felaj\u00e1nl\u00e1sra k\u00e9sztess\u00fck \u0151ket.&#8221;<\/p>\n<p>A lev\u00e9lt\u00e1r tov\u00e1bbra is v\u00e1rja a mag\u00e1nszem\u00e9lyekt\u0151l \u00e9rkez\u0151 felaj\u00e1nl\u00e1sokat.  Abban az esetben  ha a tulajdonos nem szeretne megv\u00e1lni a tulajdon\u00e1ban l\u00e9v\u0151 iratokt\u00f3l akkor arra is van lehet\u0151s\u00e9g hogy azokr\u00f3l a szakemberek digit\u00e1lis m\u00e1solatot k\u00e9sz\u00edtsenek. A ma megnyitott ki\u00e1ll\u00edt\u00e1s janu\u00e1r 9-ig l\u00e1togathat\u00f3 a mozi k\u00e1v\u00e9z\u00f3j\u00e1ban. <\/p>\n<p>  &nbsp;&#8220;<\/p>\n","protected":false},"excerpt":{"rendered":"<p>Ma d\u00e9lut\u00e1n f\u00fcggesztett\u00e9k fel a Tisza Mozi fal\u00e1ra azokat a tabl\u00f3kat, amelyek els\u0151sorban olyan dokumentumok szemelv\u00e9nyeit mutatj\u00e1k be, amiket mag\u00e1nszem\u00e9lyekt\u0151l kapott a JNSZ Megyei Lev\u00e9lt\u00e1r az elm\u00falt \u00e9vekben. A t\u00e1rlat \u00e9rdekess\u00e9ge, hogy nem csak egykor \u00e9lt k\u00f6z\u00e9leti szerepl\u0151k hagyat\u00e9k\u00e1b\u00f3l v\u00e1logat, hanem a t\u00f6bbi k\u00f6z\u00f6tt fest\u0151k, gazd\u00e1lkod\u00f3k, orvosok, \u00e9s katon\u00e1k irataib\u00f3l \u00e9s fot\u00f3ib\u00f3l is. -P\u00e9ld\u00e1ul egy [&hellip;]<\/p>\n","protected":false},"author":2,"featured_media":0,"comment_status":"closed","ping_status":"closed","sticky":false,"template":"","format":"standard","meta":[],"categories":[9],"tags":[],"_links":{"self":[{"href":"http:\/\/archiv.szolnoktv.hu\/index.php?rest_route=\/wp\/v2\/posts\/7901"}],"collection":[{"href":"http:\/\/archiv.szolnoktv.hu\/index.php?rest_route=\/wp\/v2\/posts"}],"about":[{"href":"http:\/\/archiv.szolnoktv.hu\/index.php?rest_route=\/wp\/v2\/types\/post"}],"author":[{"embeddable":true,"href":"http:\/\/archiv.szolnoktv.hu\/index.php?rest_route=\/wp\/v2\/users\/2"}],"replies":[{"embeddable":true,"href":"http:\/\/archiv.szolnoktv.hu\/index.php?rest_route=%2Fwp%2Fv2%2Fcomments&post=7901"}],"version-history":[{"count":1,"href":"http:\/\/archiv.szolnoktv.hu\/index.php?rest_route=\/wp\/v2\/posts\/7901\/revisions"}],"predecessor-version":[{"id":7958,"href":"http:\/\/archiv.szolnoktv.hu\/index.php?rest_route=\/wp\/v2\/posts\/7901\/revisions\/7958"}],"wp:attachment":[{"href":"http:\/\/archiv.szolnoktv.hu\/index.php?rest_route=%2Fwp%2Fv2%2Fmedia&parent=7901"}],"wp:term":[{"taxonomy":"category","embeddable":true,"href":"http:\/\/archiv.szolnoktv.hu\/index.php?rest_route=%2Fwp%2Fv2%2Fcategories&post=7901"},{"taxonomy":"post_tag","embeddable":true,"href":"http:\/\/archiv.szolnoktv.hu\/index.php?rest_route=%2Fwp%2Fv2%2Ftags&post=7901"}],"curies":[{"name":"wp","href":"https:\/\/api.w.org\/{rel}","templated":true}]}}