{"id":7900,"date":"2018-01-09T16:29:02","date_gmt":"2018-01-09T16:29:02","guid":{"rendered":"http:\/\/archiv.szolnoktv.hu\/?p=7900"},"modified":"2021-08-13T15:00:05","modified_gmt":"2021-08-13T15:00:05","slug":"szabadfogas-es-jegvirag-akcio","status":"publish","type":"post","link":"http:\/\/archiv.szolnoktv.hu\/?p=7900","title":{"rendered":"Szabadfogas \u00e9s J\u00e9gvir\u00e1g akci\u00f3"},"content":{"rendered":"<div class='booster-block booster-read-block'><\/div><p>Az orsz\u00e1gban m\u00e1r 200-hoz k\u00f6zel\u00edt azoknak a gy\u0171jt\u0151pontoknak a sz\u00e1ma, ahova meleg ruh\u00e1zatot, els\u0151sorban kab\u00e1tokat v\u00e1rnak. -Ha f\u00e1zol, vegy\u00e9l el egy kab\u00e1tot, ha nem szeretn\u00e9d, hogy m\u00e1sok f\u00e1zzanak, tegy\u00e9l ide egyet.&#8221; 2017-ben ezzel a mott\u00f3val indult \u00fatj\u00e1ra a -Szabadfogas&#8221; mozgalom. Hab\u00e1r, az idei t\u00e9len m\u00e9g nem tapasztalhattunk extr\u00e9m hideget, ennek ellen\u00e9re vannak, akik r\u00e1szorulnak az ingyen elvihet\u0151 holmikra. Szolnokon az Agora el\u0151tt tal\u00e1lhatunk kihelyezett ruhafogast, ahonnan b\u00e1rki elvihet vagy \u00e9ppen hozhat meleg ruhanem\u0171t.<\/p>\n<p>-A t\u00e9li id\u0151szakban, \u00e1ltal\u00e1ban janu\u00e1rban kezdj\u00fck meg az adom\u00e1nyok gy\u0171jt\u00e9s\u00e9t itt, az Aba-Nov\u00e1k Ag\u00f3ra Tourinform Irod\u00e1j\u00e1ban. Febru\u00e1r 9-ig hozhatj\u00e1k be a felaj\u00e1nl\u00e1sokat a r\u00e1szorul\u00f3k r\u00e9sz\u00e9re.&#8221;-nyilatkozta Bub\u00e1n Levente, az Aba-Nov\u00e1k Ag\u00f3ra szakmai igazgat\u00f3-helyettese.<\/p>\n<p>Az Agora &#8211; a tavalyi \u00e9vhez hasonl\u00f3an- id\u00e9n is elind\u00edtotta J\u00e9gvir\u00e1g n\u00e9vre keresztelt akci\u00f3j\u00e1t. Most els\u0151sorban tart\u00f3s \u00e9lelmiszert szeretn\u00e9nek eljuttatni a r\u00e1szorul\u00f3 r\u00e9sz\u00e9re. Ezek sz\u00e9toszt\u00e1sa a Szolnok Seg\u00edt Program feladata lesz. Az adom\u00e1nyokat febru\u00e1r 9-ig lehet bevinni a Tourinform Irod\u00e1ba.<br \/> &nbsp;<div style=\"width: 640px;\" class=\"wp-video\"><!--[if lt IE 9]><script>document.createElement('video');<\/script><![endif]-->\n<video class=\"wp-video-shortcode\" id=\"video-7900-1\" width=\"640\" height=\"360\" preload=\"metadata\" controls=\"controls\"><source type=\"video\/mp4\" src=\"\/spots\/hir\/hir_180109_02.mp4?_=1\" \/><a href=\"\/spots\/hir\/hir_180109_02.mp4\">\/spots\/hir\/hir_180109_02.mp4<\/a><\/video><\/div><\/p>\n","protected":false},"excerpt":{"rendered":"<p>Az orsz\u00e1gban m\u00e1r 200-hoz k\u00f6zel\u00edt azoknak a gy\u0171jt\u0151pontoknak a sz\u00e1ma, ahova meleg ruh\u00e1zatot, els\u0151sorban kab\u00e1tokat v\u00e1rnak. -Ha f\u00e1zol, vegy\u00e9l el egy kab\u00e1tot, ha nem szeretn\u00e9d, hogy m\u00e1sok f\u00e1zzanak, tegy\u00e9l ide egyet.&#8221; 2017-ben ezzel a mott\u00f3val indult \u00fatj\u00e1ra a -Szabadfogas&#8221; mozgalom. Hab\u00e1r, az idei t\u00e9len m\u00e9g nem tapasztalhattunk extr\u00e9m hideget, ennek ellen\u00e9re vannak, akik r\u00e1szorulnak az [&hellip;]<\/p>\n","protected":false},"author":2,"featured_media":0,"comment_status":"closed","ping_status":"closed","sticky":false,"template":"","format":"standard","meta":[],"categories":[9],"tags":[],"_links":{"self":[{"href":"http:\/\/archiv.szolnoktv.hu\/index.php?rest_route=\/wp\/v2\/posts\/7900"}],"collection":[{"href":"http:\/\/archiv.szolnoktv.hu\/index.php?rest_route=\/wp\/v2\/posts"}],"about":[{"href":"http:\/\/archiv.szolnoktv.hu\/index.php?rest_route=\/wp\/v2\/types\/post"}],"author":[{"embeddable":true,"href":"http:\/\/archiv.szolnoktv.hu\/index.php?rest_route=\/wp\/v2\/users\/2"}],"replies":[{"embeddable":true,"href":"http:\/\/archiv.szolnoktv.hu\/index.php?rest_route=%2Fwp%2Fv2%2Fcomments&post=7900"}],"version-history":[{"count":1,"href":"http:\/\/archiv.szolnoktv.hu\/index.php?rest_route=\/wp\/v2\/posts\/7900\/revisions"}],"predecessor-version":[{"id":7959,"href":"http:\/\/archiv.szolnoktv.hu\/index.php?rest_route=\/wp\/v2\/posts\/7900\/revisions\/7959"}],"wp:attachment":[{"href":"http:\/\/archiv.szolnoktv.hu\/index.php?rest_route=%2Fwp%2Fv2%2Fmedia&parent=7900"}],"wp:term":[{"taxonomy":"category","embeddable":true,"href":"http:\/\/archiv.szolnoktv.hu\/index.php?rest_route=%2Fwp%2Fv2%2Fcategories&post=7900"},{"taxonomy":"post_tag","embeddable":true,"href":"http:\/\/archiv.szolnoktv.hu\/index.php?rest_route=%2Fwp%2Fv2%2Ftags&post=7900"}],"curies":[{"name":"wp","href":"https:\/\/api.w.org\/{rel}","templated":true}]}}