{"id":7869,"date":"2018-01-08T18:18:39","date_gmt":"2018-01-08T18:18:39","guid":{"rendered":"http:\/\/archiv.szolnoktv.hu\/?p=7869"},"modified":"2021-08-13T14:31:18","modified_gmt":"2021-08-13T14:31:18","slug":"felujitjak-a-kassai-uti-jatszoteret-es-csikung-park-is-letesul","status":"publish","type":"post","link":"http:\/\/archiv.szolnoktv.hu\/?p=7869","title":{"rendered":"Fel\u00faj\u00edtj\u00e1k a Kassai \u00fati j\u00e1tsz\u00f3teret \u00e9s Csikung Park is l\u00e9tes\u00fcl<br>"},"content":{"rendered":"<div class='booster-block booster-read-block'><\/div><p>A Kassai \u00fati j\u00e1tsz\u00f3t\u00e9r fel\u00faj\u00edt\u00e1s\u00e1t m\u00e1r r\u00e9gen k\u00e9rt\u00e9k az itt \u00e9l\u0151k. \u00d6nkorm\u00e1nyzati k\u00e9pvisel\u0151j\u00fck is ind\u00edtv\u00e1nyozta a fejleszt\u00e9st. <\/p>\n<p> Fej\u00e9r Andor alpolg\u00e1rmester elmondta: <\/p>\n<p>-&#8220;Ebben az esetben volt m\u00e9g annyi forr\u00e1sunk, a tavalyi \u00e9vi k\u00f6lts\u00e9gvet\u00e9sben, hogy meg tudtuk finansz\u00edrozni a m\u00f6g\u00f6ttem l\u00e1that\u00f3 j\u00e1tsz\u00f3t\u00e9r fel\u00faj\u00edt\u00e1s\u00e1t. Itt els\u0151sorban a tomp\u00edt\u00f3 fel\u00fcletek fel\u00faj\u00edt\u00e1s\u00e1ra, illetve n\u00e9h\u00e1ny eszk\u00f6znek a cser\u00e9j\u00e9re ker\u00fcl sor. &#8211;<\/p>\n<p> Kicser\u00e9lik a hib\u00e1s ker\u00edt\u00e9selemeket \u00e9s a homokot is. Egy b\u00e9bi \u00e9s egy nagyobb gyermekeknek sz\u00e1nt hint\u00e1t valamint egy libik\u00f3k\u00e1t is kap a j\u00e1tsz\u00f3t\u00e9r. E mellett a  l\u00e9pcs\u0151h\u00e1zak el\u0151tti z\u00f6ld ter\u00fcletek is meg\u00fajulnak. <\/p>\n<p> Fej\u00e9r Andor alpolg\u00e1rmester :<\/p>\n<p>-&#8220;A Kassai \u00fat 28-36 sz\u00e1m alatt lak\u00f3 k\u00f6z\u00f6ss\u00e9g jelezte, hogy itt vannak olyan gondok, hogy bizonyos f\u00f6ld felt\u00f6lt\u00e9sek v\u00e1ltak sz\u00fcks\u00e9gess\u00e9. Az itt \u00e9l\u0151 k\u00f6z\u00f6ss\u00e9g szabadid\u0151s programokat tervez \u00e9s tart m\u00e1r egy ideje. A munkat\u00e1rsaink itt voltak, a g\u00e9pek itt voltak, \u00f6r\u00f6mmel tett\u00fcnk elehet a k\u00e9r\u00e9s\u00fcknek. &#8211;<\/p>\n<p>A f\u00f6ld sz\u00e9tter\u00edt\u00e9se ut\u00e1n a f\u00fcves\u00edt\u00e9s k\u00f6vetkezik. \u00cdgy hamarosan m\u00e1r sz\u00e9p k\u00f6rnyezetben, az \u00faj csikung parkban  h\u00f3dolhatnak szenved\u00e9ly\u00fcknek  a k\u00ednai energiatorna  \u00e9s medit\u00e1ci\u00f3 kedvel\u0151i. <br \/> &nbsp;<div style=\"width: 640px;\" class=\"wp-video\"><!--[if lt IE 9]><script>document.createElement('video');<\/script><![endif]-->\n<video class=\"wp-video-shortcode\" id=\"video-7869-1\" width=\"640\" height=\"360\" preload=\"metadata\" controls=\"controls\"><source type=\"video\/mp4\" src=\"\/spots\/hir\/hir_180108_05.mp4?_=1\" \/><a href=\"\/spots\/hir\/hir_180108_05.mp4\">\/spots\/hir\/hir_180108_05.mp4<\/a><\/video><\/div><\/p>\n","protected":false},"excerpt":{"rendered":"<p>A Kassai \u00fati j\u00e1tsz\u00f3t\u00e9r fel\u00faj\u00edt\u00e1s\u00e1t m\u00e1r r\u00e9gen k\u00e9rt\u00e9k az itt \u00e9l\u0151k. \u00d6nkorm\u00e1nyzati k\u00e9pvisel\u0151j\u00fck is ind\u00edtv\u00e1nyozta a fejleszt\u00e9st. Fej\u00e9r Andor alpolg\u00e1rmester elmondta: -&#8220;Ebben az esetben volt m\u00e9g annyi forr\u00e1sunk, a tavalyi \u00e9vi k\u00f6lts\u00e9gvet\u00e9sben, hogy meg tudtuk finansz\u00edrozni a m\u00f6g\u00f6ttem l\u00e1that\u00f3 j\u00e1tsz\u00f3t\u00e9r fel\u00faj\u00edt\u00e1s\u00e1t. Itt els\u0151sorban a tomp\u00edt\u00f3 fel\u00fcletek fel\u00faj\u00edt\u00e1s\u00e1ra, illetve n\u00e9h\u00e1ny eszk\u00f6znek a cser\u00e9j\u00e9re ker\u00fcl sor. &#8211; [&hellip;]<\/p>\n","protected":false},"author":2,"featured_media":0,"comment_status":"closed","ping_status":"closed","sticky":false,"template":"","format":"standard","meta":[],"categories":[9],"tags":[],"_links":{"self":[{"href":"http:\/\/archiv.szolnoktv.hu\/index.php?rest_route=\/wp\/v2\/posts\/7869"}],"collection":[{"href":"http:\/\/archiv.szolnoktv.hu\/index.php?rest_route=\/wp\/v2\/posts"}],"about":[{"href":"http:\/\/archiv.szolnoktv.hu\/index.php?rest_route=\/wp\/v2\/types\/post"}],"author":[{"embeddable":true,"href":"http:\/\/archiv.szolnoktv.hu\/index.php?rest_route=\/wp\/v2\/users\/2"}],"replies":[{"embeddable":true,"href":"http:\/\/archiv.szolnoktv.hu\/index.php?rest_route=%2Fwp%2Fv2%2Fcomments&post=7869"}],"version-history":[{"count":1,"href":"http:\/\/archiv.szolnoktv.hu\/index.php?rest_route=\/wp\/v2\/posts\/7869\/revisions"}],"predecessor-version":[{"id":7870,"href":"http:\/\/archiv.szolnoktv.hu\/index.php?rest_route=\/wp\/v2\/posts\/7869\/revisions\/7870"}],"wp:attachment":[{"href":"http:\/\/archiv.szolnoktv.hu\/index.php?rest_route=%2Fwp%2Fv2%2Fmedia&parent=7869"}],"wp:term":[{"taxonomy":"category","embeddable":true,"href":"http:\/\/archiv.szolnoktv.hu\/index.php?rest_route=%2Fwp%2Fv2%2Fcategories&post=7869"},{"taxonomy":"post_tag","embeddable":true,"href":"http:\/\/archiv.szolnoktv.hu\/index.php?rest_route=%2Fwp%2Fv2%2Ftags&post=7869"}],"curies":[{"name":"wp","href":"https:\/\/api.w.org\/{rel}","templated":true}]}}